{"id":260895,"date":"2023-01-31T18:09:37","date_gmt":"2023-01-31T17:09:37","guid":{"rendered":"https:\/\/www.cufmilano.com\/?p=260895"},"modified":"2023-01-31T18:17:32","modified_gmt":"2023-01-31T17:17:32","slug":"less-is-bold","status":"publish","type":"post","link":"https:\/\/www.cufmilano.com\/en\/less-is-bold\/","title":{"rendered":"Less is &#8230; Bold!"},"content":{"rendered":"<p>[et_pb_section fb_built=&#8221;1&#8243; admin_label=&#8221;header&#8221; _builder_version=&#8221;4.16&#8243; width=&#8221;100%&#8221; max_width=&#8221;100%&#8221; custom_padding=&#8221;0px||40px||false|false&#8221; global_module=&#8221;237589&#8243; saved_tabs=&#8221;all&#8221; global_colors_info=&#8221;{}&#8221;][et_pb_row _builder_version=&#8221;4.16&#8243; background_size=&#8221;initial&#8221; background_position=&#8221;top_left&#8221; background_repeat=&#8221;repeat&#8221; custom_margin=&#8221;0px||0px||false|false&#8221; global_colors_info=&#8221;{}&#8221;][et_pb_column type=&#8221;4_4&#8243; _builder_version=&#8221;4.16&#8243; custom_padding=&#8221;|||&#8221; global_colors_info=&#8221;{}&#8221; custom_padding__hover=&#8221;|||&#8221;][et_pb_text admin_label=&#8221;Torna&#8221; module_class=&#8221;torna-news&#8221; _builder_version=&#8221;4.18.0&#8243; text_font_size=&#8221;15px&#8221; text_line_height=&#8221;1em&#8221; background_size=&#8221;initial&#8221; background_position=&#8221;top_left&#8221; background_repeat=&#8221;repeat&#8221; custom_margin=&#8221;0px||15px||false|false&#8221; custom_padding=&#8221;0px||||false|false&#8221; global_colors_info=&#8221;{}&#8221;]<\/p>\n<p><a href=\"https:\/\/www.cufmilano.com\/en\/news\/\">&lt; all news<\/a><\/p>\n<p>[\/et_pb_text][et_pb_text admin_label=&#8221;Data&#8221; _builder_version=&#8221;4.16&#8243; _dynamic_attributes=&#8221;content&#8221; text_font_size=&#8221;19px&#8221; text_line_height=&#8221;1em&#8221; background_size=&#8221;initial&#8221; background_position=&#8221;top_left&#8221; background_repeat=&#8221;repeat&#8221; text_orientation=&#8221;center&#8221; custom_margin=&#8221;||15px||false|false&#8221; custom_padding=&#8221;20px||||false|false&#8221; global_colors_info=&#8221;{}&#8221;]@ET-DC@eyJkeW5hbWljIjp0cnVlLCJjb250ZW50IjoicG9zdF9kYXRlIiwic2V0dGluZ3MiOnsiYmVmb3JlIjoiIiwiYWZ0ZXIiOiIiLCJkYXRlX2Zvcm1hdCI6ImogTSwgWSIsImN1c3RvbV9kYXRlX2Zvcm1hdCI6IiJ9fQ==@[\/et_pb_text][et_pb_text admin_label=&#8221;Titolo&#8221; _builder_version=&#8221;4.16&#8243; _dynamic_attributes=&#8221;content&#8221; _module_preset=&#8221;default&#8221; text_font=&#8221;|600||on|||||&#8221; text_font_size=&#8221;26px&#8221; text_line_height=&#8221;1.5em&#8221; text_orientation=&#8221;center&#8221; custom_margin=&#8221;15px||||false|false&#8221; global_colors_info=&#8221;{}&#8221;]@ET-DC@eyJkeW5hbWljIjp0cnVlLCJjb250ZW50IjoicG9zdF90aXRsZSIsInNldHRpbmdzIjp7ImJlZm9yZSI6IiIsImFmdGVyIjoiIn19@[\/et_pb_text][\/et_pb_column][\/et_pb_row][\/et_pb_section][et_pb_section fb_built=&#8221;1&#8243; _builder_version=&#8221;4.16&#8243; _module_preset=&#8221;default&#8221; custom_margin=&#8221;0px||0px||false|false&#8221; custom_padding=&#8221;0px||0px||false|false&#8221; global_module=&#8221;237594&#8243; saved_tabs=&#8221;all&#8221; global_colors_info=&#8221;{}&#8221;][et_pb_row _builder_version=&#8221;4.16&#8243; _dynamic_attributes=&#8221;background_image&#8221; _module_preset=&#8221;default&#8221; background_image=&#8221;@ET-DC@eyJkeW5hbWljIjp0cnVlLCJjb250ZW50IjoicG9zdF9mZWF0dXJlZF9pbWFnZSIsInNldHRpbmdzIjp7fX0=@&#8221; width=&#8221;100%&#8221; max_width=&#8221;100%&#8221; height=&#8221;80vh&#8221; global_colors_info=&#8221;{}&#8221;][et_pb_column type=&#8221;4_4&#8243; _builder_version=&#8221;4.16&#8243; _module_preset=&#8221;default&#8221; global_colors_info=&#8221;{}&#8221;][\/et_pb_column][\/et_pb_row][\/et_pb_section][et_pb_section fb_built=&#8221;1&#8243; _builder_version=&#8221;4.16&#8243; global_colors_info=&#8221;{}&#8221;][et_pb_row _builder_version=&#8221;4.16&#8243; background_size=&#8221;initial&#8221; background_position=&#8221;top_left&#8221; background_repeat=&#8221;repeat&#8221; width=&#8221;60%&#8221; width_tablet=&#8221;80%&#8221; width_phone=&#8221;80%&#8221; width_last_edited=&#8221;on|desktop&#8221; max_width=&#8221;780px&#8221; custom_margin=&#8221;0px||||false|false&#8221; custom_padding=&#8221;0px||||false|false&#8221; global_colors_info=&#8221;{}&#8221;][et_pb_column type=&#8221;4_4&#8243; _builder_version=&#8221;4.16&#8243; custom_padding=&#8221;|||&#8221; global_colors_info=&#8221;{}&#8221; custom_padding__hover=&#8221;|||&#8221;][et_pb_text admin_label=&#8221;Testo&#8221; _builder_version=&#8221;4.19.5&#8243; background_size=&#8221;initial&#8221; background_position=&#8221;top_left&#8221; background_repeat=&#8221;repeat&#8221; hover_enabled=&#8221;0&#8243; global_colors_info=&#8221;{}&#8221; sticky_enabled=&#8221;0&#8243;]<\/p>\n<p><strong>CUFMilano<\/strong>, the design brand of Centrufficio, presents Bold, the collection developed in collaboration with the designer Matteo Silverio that breaks the schemes of classic executive offices.<br \/>Designed with the aim of deconstructing and recomposing the classic desk, it stems from the desire to create a product which, in addition to fulfilling its primary functionality (being a desk), has a strong formal and sculptural identity.<br \/>Bold, design by Matteo Silverio, is the classic deconstructed and recomposed desk.<br \/>An apparently simple object, made up of a few elements but which actually contains a high level of complexity because the few pieces have been designed in such a way as to make the entire structure solid and also easy to assemble.<br \/>The suspended top, with the milled edge to emphasize its lightness, recall the wing of a seagull but also the blade of an oar. Both, as well as being a legacy of the designer&#8217;s Venetian origins, are technological jewels because they are light and resistant at the same time.<br \/>Bold is lightness and strength.<br \/>A synthesis obtained thanks to the excellent teamwork between the CUF R&amp;D team and the designer Matteo Silverio, taking full advantage of new technologies and using plywood as a material: resistant, easy to process, immediately recognisable.<br \/>Last but not least, it is made of wood, therefore natural and recyclable.<\/p>\n<p>More information <a href=\"https:\/\/www.cufmilano.com\/en\/prodotto\/bold\/\" target=\"_blank\" rel=\"noopener\">click here<\/a><\/p>\n<p>&nbsp;<\/p>\n<p>[\/et_pb_text][et_pb_gallery gallery_ids=&#8221;260904,260907,260910,260913,260916,260919,260922,260925&#8243; fullwidth=&#8221;on&#8221; _builder_version=&#8221;4.19.5&#8243; _module_preset=&#8221;default&#8221; pagination_text_color=&#8221;#E02B20&#8243; global_colors_info=&#8221;{}&#8221;][\/et_pb_gallery][\/et_pb_column][\/et_pb_row][\/et_pb_section]<\/p>\n","protected":false},"excerpt":{"rendered":"<p>CUFMilano, the design brand of Centrufficio, presents Bold, the collection developed in collaboration with the designer Matteo Silverio that breaks the schemes of classic executive offices.<\/p>\n","protected":false},"author":6,"featured_media":260901,"comment_status":"closed","ping_status":"open","sticky":false,"template":"","format":"standard","meta":{"_et_pb_use_builder":"on","_et_pb_old_content":"In questi giorni stiamo tutti aspettando con impazienza il momento in cui le attivit\u00e0 potranno essere riprese.\r\nQuando succeder\u00e0, sar\u00e0 necessario effettuare una serie di accorgimenti perch\u00e9 gli ambienti di lavoro siano pi\u00f9 sicuri, alla luce delle nuove disposizioni e dei protocolli sanitari. Centrufficio arreda uffici da oltre 30 anni: conosciamo le peculiarit\u00e0 di confezionare spazi che siano accoglienti, sicuri, ed efficienti, perch\u00e9 destinati ad ospitare persone per molte ore della loro giornata.\r\nAbbiamo pertanto approntato un DECALOGO contenente dei consigli su come predisporre gli uffici alla riapertura, che condividiamo con voi in questi (si spera ultimi) giorni di quarantena.","_et_gb_content_width":"","footnotes":""},"categories":[84],"tags":[],"class_list":["post-260895","post","type-post","status-publish","format-standard","has-post-thumbnail","hentry","category-news-en"],"yoast_head":"<!-- This site is optimized with the Yoast SEO plugin v27.4 - https:\/\/yoast.com\/product\/yoast-seo-wordpress\/ -->\n<title>Less is ... Bold! - CUF Milano | Furnishing and Design Office Furniture<\/title>\n<meta name=\"robots\" content=\"index, follow, max-snippet:-1, max-image-preview:large, max-video-preview:-1\" \/>\n<link rel=\"canonical\" href=\"https:\/\/www.cufmilano.com\/en\/less-is-bold\/\" \/>\n<meta property=\"og:locale\" content=\"en_US\" \/>\n<meta property=\"og:type\" content=\"article\" \/>\n<meta property=\"og:title\" content=\"Less is ... Bold! - CUF Milano | Furnishing and Design Office Furniture\" \/>\n<meta property=\"og:description\" content=\"CUFMilano, the design brand of Centrufficio, presents Bold, the collection developed in collaboration with the designer Matteo Silverio that breaks the schemes of classic executive offices.\" \/>\n<meta property=\"og:url\" content=\"https:\/\/www.cufmilano.com\/en\/less-is-bold\/\" \/>\n<meta property=\"og:site_name\" content=\"CUF Milano | Furnishing and Design Office Furniture\" \/>\n<meta property=\"article:published_time\" content=\"2023-01-31T17:09:37+00:00\" \/>\n<meta property=\"article:modified_time\" content=\"2023-01-31T17:17:32+00:00\" \/>\n<meta property=\"og:image\" content=\"https:\/\/www.cufmilano.com\/wp-content\/uploads\/2023\/01\/anteprima-news-bold-cufmilano.jpg\" \/>\n\t<meta property=\"og:image:width\" content=\"1920\" \/>\n\t<meta property=\"og:image:height\" content=\"640\" \/>\n\t<meta property=\"og:image:type\" content=\"image\/jpeg\" \/>\n<meta name=\"author\" content=\"rosy Natale\" \/>\n<meta name=\"twitter:card\" content=\"summary_large_image\" \/>\n<meta name=\"twitter:label1\" content=\"Written by\" \/>\n\t<meta name=\"twitter:data1\" content=\"rosy Natale\" \/>\n\t<meta name=\"twitter:label2\" content=\"Est. reading time\" \/>\n\t<meta name=\"twitter:data2\" content=\"2 minutes\" \/>\n<script type=\"application\/ld+json\" class=\"yoast-schema-graph\">{\"@context\":\"https:\\\/\\\/schema.org\",\"@graph\":[{\"@type\":\"Article\",\"@id\":\"https:\\\/\\\/www.cufmilano.com\\\/en\\\/less-is-bold\\\/#article\",\"isPartOf\":{\"@id\":\"https:\\\/\\\/www.cufmilano.com\\\/en\\\/less-is-bold\\\/\"},\"author\":{\"name\":\"rosy Natale\",\"@id\":\"https:\\\/\\\/www.cufmilano.com\\\/en\\\/#\\\/schema\\\/person\\\/506b830ec72796fd208be3c751bf0cea\"},\"headline\":\"Less is &#8230; Bold!\",\"datePublished\":\"2023-01-31T17:09:37+00:00\",\"dateModified\":\"2023-01-31T17:17:32+00:00\",\"mainEntityOfPage\":{\"@id\":\"https:\\\/\\\/www.cufmilano.com\\\/en\\\/less-is-bold\\\/\"},\"wordCount\":685,\"image\":{\"@id\":\"https:\\\/\\\/www.cufmilano.com\\\/en\\\/less-is-bold\\\/#primaryimage\"},\"thumbnailUrl\":\"https:\\\/\\\/www.cufmilano.com\\\/wp-content\\\/uploads\\\/2023\\\/01\\\/anteprima-news-bold-cufmilano.jpg\",\"articleSection\":[\"News\"],\"inLanguage\":\"en-US\"},{\"@type\":\"WebPage\",\"@id\":\"https:\\\/\\\/www.cufmilano.com\\\/en\\\/less-is-bold\\\/\",\"url\":\"https:\\\/\\\/www.cufmilano.com\\\/en\\\/less-is-bold\\\/\",\"name\":\"Less is ... Bold! - CUF Milano | Furnishing and Design Office Furniture\",\"isPartOf\":{\"@id\":\"https:\\\/\\\/www.cufmilano.com\\\/en\\\/#website\"},\"primaryImageOfPage\":{\"@id\":\"https:\\\/\\\/www.cufmilano.com\\\/en\\\/less-is-bold\\\/#primaryimage\"},\"image\":{\"@id\":\"https:\\\/\\\/www.cufmilano.com\\\/en\\\/less-is-bold\\\/#primaryimage\"},\"thumbnailUrl\":\"https:\\\/\\\/www.cufmilano.com\\\/wp-content\\\/uploads\\\/2023\\\/01\\\/anteprima-news-bold-cufmilano.jpg\",\"datePublished\":\"2023-01-31T17:09:37+00:00\",\"dateModified\":\"2023-01-31T17:17:32+00:00\",\"author\":{\"@id\":\"https:\\\/\\\/www.cufmilano.com\\\/en\\\/#\\\/schema\\\/person\\\/506b830ec72796fd208be3c751bf0cea\"},\"breadcrumb\":{\"@id\":\"https:\\\/\\\/www.cufmilano.com\\\/en\\\/less-is-bold\\\/#breadcrumb\"},\"inLanguage\":\"en-US\",\"potentialAction\":[{\"@type\":\"ReadAction\",\"target\":[\"https:\\\/\\\/www.cufmilano.com\\\/en\\\/less-is-bold\\\/\"]}]},{\"@type\":\"ImageObject\",\"inLanguage\":\"en-US\",\"@id\":\"https:\\\/\\\/www.cufmilano.com\\\/en\\\/less-is-bold\\\/#primaryimage\",\"url\":\"https:\\\/\\\/www.cufmilano.com\\\/wp-content\\\/uploads\\\/2023\\\/01\\\/anteprima-news-bold-cufmilano.jpg\",\"contentUrl\":\"https:\\\/\\\/www.cufmilano.com\\\/wp-content\\\/uploads\\\/2023\\\/01\\\/anteprima-news-bold-cufmilano.jpg\",\"width\":1920,\"height\":640},{\"@type\":\"BreadcrumbList\",\"@id\":\"https:\\\/\\\/www.cufmilano.com\\\/en\\\/less-is-bold\\\/#breadcrumb\",\"itemListElement\":[{\"@type\":\"ListItem\",\"position\":1,\"name\":\"Home\",\"item\":\"https:\\\/\\\/www.cufmilano.com\\\/en\\\/\"},{\"@type\":\"ListItem\",\"position\":2,\"name\":\"Less is &#8230; Bold!\"}]},{\"@type\":\"WebSite\",\"@id\":\"https:\\\/\\\/www.cufmilano.com\\\/en\\\/#website\",\"url\":\"https:\\\/\\\/www.cufmilano.com\\\/en\\\/\",\"name\":\"CUF Milano | Furnishing and Design Office Furniture\",\"description\":\"CUF Milano is specialized in the sale and production of design office furniture, chairs, armchairs, cabinets and partitions.\",\"potentialAction\":[{\"@type\":\"SearchAction\",\"target\":{\"@type\":\"EntryPoint\",\"urlTemplate\":\"https:\\\/\\\/www.cufmilano.com\\\/en\\\/?s={search_term_string}\"},\"query-input\":{\"@type\":\"PropertyValueSpecification\",\"valueRequired\":true,\"valueName\":\"search_term_string\"}}],\"inLanguage\":\"en-US\"},{\"@type\":\"Person\",\"@id\":\"https:\\\/\\\/www.cufmilano.com\\\/en\\\/#\\\/schema\\\/person\\\/506b830ec72796fd208be3c751bf0cea\",\"name\":\"rosy Natale\",\"image\":{\"@type\":\"ImageObject\",\"inLanguage\":\"en-US\",\"@id\":\"https:\\\/\\\/secure.gravatar.com\\\/avatar\\\/c53f27ff539d03e2565053aef53a6aae9c55d8ca6c0c2fd0700a38c18b37bdf6?s=96&d=mm&r=g\",\"url\":\"https:\\\/\\\/secure.gravatar.com\\\/avatar\\\/c53f27ff539d03e2565053aef53a6aae9c55d8ca6c0c2fd0700a38c18b37bdf6?s=96&d=mm&r=g\",\"contentUrl\":\"https:\\\/\\\/secure.gravatar.com\\\/avatar\\\/c53f27ff539d03e2565053aef53a6aae9c55d8ca6c0c2fd0700a38c18b37bdf6?s=96&d=mm&r=g\",\"caption\":\"rosy Natale\"},\"url\":\"https:\\\/\\\/www.cufmilano.com\\\/en\\\/author\\\/rosy\\\/\"}]}<\/script>\n<!-- \/ Yoast SEO plugin. -->","yoast_head_json":{"title":"Less is ... Bold! - CUF Milano | Furnishing and Design Office Furniture","robots":{"index":"index","follow":"follow","max-snippet":"max-snippet:-1","max-image-preview":"max-image-preview:large","max-video-preview":"max-video-preview:-1"},"canonical":"https:\/\/www.cufmilano.com\/en\/less-is-bold\/","og_locale":"en_US","og_type":"article","og_title":"Less is ... Bold! - CUF Milano | Furnishing and Design Office Furniture","og_description":"CUFMilano, the design brand of Centrufficio, presents Bold, the collection developed in collaboration with the designer Matteo Silverio that breaks the schemes of classic executive offices.","og_url":"https:\/\/www.cufmilano.com\/en\/less-is-bold\/","og_site_name":"CUF Milano | Furnishing and Design Office Furniture","article_published_time":"2023-01-31T17:09:37+00:00","article_modified_time":"2023-01-31T17:17:32+00:00","og_image":[{"width":1920,"height":640,"url":"https:\/\/www.cufmilano.com\/wp-content\/uploads\/2023\/01\/anteprima-news-bold-cufmilano.jpg","type":"image\/jpeg"}],"author":"rosy Natale","twitter_card":"summary_large_image","twitter_misc":{"Written by":"rosy Natale","Est. reading time":"2 minutes"},"schema":{"@context":"https:\/\/schema.org","@graph":[{"@type":"Article","@id":"https:\/\/www.cufmilano.com\/en\/less-is-bold\/#article","isPartOf":{"@id":"https:\/\/www.cufmilano.com\/en\/less-is-bold\/"},"author":{"name":"rosy Natale","@id":"https:\/\/www.cufmilano.com\/en\/#\/schema\/person\/506b830ec72796fd208be3c751bf0cea"},"headline":"Less is &#8230; Bold!","datePublished":"2023-01-31T17:09:37+00:00","dateModified":"2023-01-31T17:17:32+00:00","mainEntityOfPage":{"@id":"https:\/\/www.cufmilano.com\/en\/less-is-bold\/"},"wordCount":685,"image":{"@id":"https:\/\/www.cufmilano.com\/en\/less-is-bold\/#primaryimage"},"thumbnailUrl":"https:\/\/www.cufmilano.com\/wp-content\/uploads\/2023\/01\/anteprima-news-bold-cufmilano.jpg","articleSection":["News"],"inLanguage":"en-US"},{"@type":"WebPage","@id":"https:\/\/www.cufmilano.com\/en\/less-is-bold\/","url":"https:\/\/www.cufmilano.com\/en\/less-is-bold\/","name":"Less is ... Bold! - CUF Milano | Furnishing and Design Office Furniture","isPartOf":{"@id":"https:\/\/www.cufmilano.com\/en\/#website"},"primaryImageOfPage":{"@id":"https:\/\/www.cufmilano.com\/en\/less-is-bold\/#primaryimage"},"image":{"@id":"https:\/\/www.cufmilano.com\/en\/less-is-bold\/#primaryimage"},"thumbnailUrl":"https:\/\/www.cufmilano.com\/wp-content\/uploads\/2023\/01\/anteprima-news-bold-cufmilano.jpg","datePublished":"2023-01-31T17:09:37+00:00","dateModified":"2023-01-31T17:17:32+00:00","author":{"@id":"https:\/\/www.cufmilano.com\/en\/#\/schema\/person\/506b830ec72796fd208be3c751bf0cea"},"breadcrumb":{"@id":"https:\/\/www.cufmilano.com\/en\/less-is-bold\/#breadcrumb"},"inLanguage":"en-US","potentialAction":[{"@type":"ReadAction","target":["https:\/\/www.cufmilano.com\/en\/less-is-bold\/"]}]},{"@type":"ImageObject","inLanguage":"en-US","@id":"https:\/\/www.cufmilano.com\/en\/less-is-bold\/#primaryimage","url":"https:\/\/www.cufmilano.com\/wp-content\/uploads\/2023\/01\/anteprima-news-bold-cufmilano.jpg","contentUrl":"https:\/\/www.cufmilano.com\/wp-content\/uploads\/2023\/01\/anteprima-news-bold-cufmilano.jpg","width":1920,"height":640},{"@type":"BreadcrumbList","@id":"https:\/\/www.cufmilano.com\/en\/less-is-bold\/#breadcrumb","itemListElement":[{"@type":"ListItem","position":1,"name":"Home","item":"https:\/\/www.cufmilano.com\/en\/"},{"@type":"ListItem","position":2,"name":"Less is &#8230; Bold!"}]},{"@type":"WebSite","@id":"https:\/\/www.cufmilano.com\/en\/#website","url":"https:\/\/www.cufmilano.com\/en\/","name":"CUF Milano | Furnishing and Design Office Furniture","description":"CUF Milano is specialized in the sale and production of design office furniture, chairs, armchairs, cabinets and partitions.","potentialAction":[{"@type":"SearchAction","target":{"@type":"EntryPoint","urlTemplate":"https:\/\/www.cufmilano.com\/en\/?s={search_term_string}"},"query-input":{"@type":"PropertyValueSpecification","valueRequired":true,"valueName":"search_term_string"}}],"inLanguage":"en-US"},{"@type":"Person","@id":"https:\/\/www.cufmilano.com\/en\/#\/schema\/person\/506b830ec72796fd208be3c751bf0cea","name":"rosy Natale","image":{"@type":"ImageObject","inLanguage":"en-US","@id":"https:\/\/secure.gravatar.com\/avatar\/c53f27ff539d03e2565053aef53a6aae9c55d8ca6c0c2fd0700a38c18b37bdf6?s=96&d=mm&r=g","url":"https:\/\/secure.gravatar.com\/avatar\/c53f27ff539d03e2565053aef53a6aae9c55d8ca6c0c2fd0700a38c18b37bdf6?s=96&d=mm&r=g","contentUrl":"https:\/\/secure.gravatar.com\/avatar\/c53f27ff539d03e2565053aef53a6aae9c55d8ca6c0c2fd0700a38c18b37bdf6?s=96&d=mm&r=g","caption":"rosy Natale"},"url":"https:\/\/www.cufmilano.com\/en\/author\/rosy\/"}]}},"_links":{"self":[{"href":"https:\/\/www.cufmilano.com\/en\/wp-json\/wp\/v2\/posts\/260895","targetHints":{"allow":["GET"]}}],"collection":[{"href":"https:\/\/www.cufmilano.com\/en\/wp-json\/wp\/v2\/posts"}],"about":[{"href":"https:\/\/www.cufmilano.com\/en\/wp-json\/wp\/v2\/types\/post"}],"author":[{"embeddable":true,"href":"https:\/\/www.cufmilano.com\/en\/wp-json\/wp\/v2\/users\/6"}],"replies":[{"embeddable":true,"href":"https:\/\/www.cufmilano.com\/en\/wp-json\/wp\/v2\/comments?post=260895"}],"version-history":[{"count":0,"href":"https:\/\/www.cufmilano.com\/en\/wp-json\/wp\/v2\/posts\/260895\/revisions"}],"wp:featuredmedia":[{"embeddable":true,"href":"https:\/\/www.cufmilano.com\/en\/wp-json\/wp\/v2\/media\/260901"}],"wp:attachment":[{"href":"https:\/\/www.cufmilano.com\/en\/wp-json\/wp\/v2\/media?parent=260895"}],"wp:term":[{"taxonomy":"category","embeddable":true,"href":"https:\/\/www.cufmilano.com\/en\/wp-json\/wp\/v2\/categories?post=260895"},{"taxonomy":"post_tag","embeddable":true,"href":"https:\/\/www.cufmilano.com\/en\/wp-json\/wp\/v2\/tags?post=260895"}],"curies":[{"name":"wp","href":"https:\/\/api.w.org\/{rel}","templated":true}]}}