{"id":261918,"date":"2023-03-28T19:16:05","date_gmt":"2023-03-28T17:16:05","guid":{"rendered":"https:\/\/www.cufmilano.com\/?p=261918"},"modified":"2023-04-03T17:23:05","modified_gmt":"2023-04-03T15:23:05","slug":"out-of-show-architorneo-cufmilano","status":"publish","type":"post","link":"https:\/\/www.cufmilano.com\/en\/out-of-show-architorneo-cufmilano\/","title":{"rendered":"OUT OF SHOW: ARCHITORNEO @CUFMILANO"},"content":{"rendered":"<p>[et_pb_section fb_built=&#8221;1&#8243; admin_label=&#8221;header&#8221; _builder_version=&#8221;4.16&#8243; width=&#8221;100%&#8221; max_width=&#8221;100%&#8221; custom_padding=&#8221;0px||40px||false|false&#8221; global_module=&#8221;237589&#8243; saved_tabs=&#8221;all&#8221; global_colors_info=&#8221;{}&#8221;][et_pb_row _builder_version=&#8221;4.16&#8243; background_size=&#8221;initial&#8221; background_position=&#8221;top_left&#8221; background_repeat=&#8221;repeat&#8221; custom_margin=&#8221;0px||0px||false|false&#8221; global_colors_info=&#8221;{}&#8221;][et_pb_column type=&#8221;4_4&#8243; _builder_version=&#8221;4.16&#8243; custom_padding=&#8221;|||&#8221; global_colors_info=&#8221;{}&#8221; custom_padding__hover=&#8221;|||&#8221;][et_pb_text admin_label=&#8221;Torna&#8221; module_class=&#8221;torna-news&#8221; _builder_version=&#8221;4.18.0&#8243; text_font_size=&#8221;15px&#8221; text_line_height=&#8221;1em&#8221; background_size=&#8221;initial&#8221; background_position=&#8221;top_left&#8221; background_repeat=&#8221;repeat&#8221; custom_margin=&#8221;0px||15px||false|false&#8221; custom_padding=&#8221;0px||||false|false&#8221; global_colors_info=&#8221;{}&#8221;]<\/p>\n<p><a href=\"https:\/\/www.cufmilano.com\/en\/news\/\">&lt; all news<\/a><\/p>\n<p>[\/et_pb_text][et_pb_text admin_label=&#8221;Data&#8221; _builder_version=&#8221;4.16&#8243; _dynamic_attributes=&#8221;content&#8221; text_font_size=&#8221;19px&#8221; text_line_height=&#8221;1em&#8221; background_size=&#8221;initial&#8221; background_position=&#8221;top_left&#8221; background_repeat=&#8221;repeat&#8221; text_orientation=&#8221;center&#8221; custom_margin=&#8221;||15px||false|false&#8221; custom_padding=&#8221;20px||||false|false&#8221; global_colors_info=&#8221;{}&#8221;]@ET-DC@eyJkeW5hbWljIjp0cnVlLCJjb250ZW50IjoicG9zdF9kYXRlIiwic2V0dGluZ3MiOnsiYmVmb3JlIjoiIiwiYWZ0ZXIiOiIiLCJkYXRlX2Zvcm1hdCI6ImogTSwgWSIsImN1c3RvbV9kYXRlX2Zvcm1hdCI6IiJ9fQ==@[\/et_pb_text][et_pb_text admin_label=&#8221;Titolo&#8221; _builder_version=&#8221;4.16&#8243; _dynamic_attributes=&#8221;content&#8221; _module_preset=&#8221;default&#8221; text_font=&#8221;|600||on|||||&#8221; text_font_size=&#8221;26px&#8221; text_line_height=&#8221;1.5em&#8221; text_orientation=&#8221;center&#8221; custom_margin=&#8221;15px||||false|false&#8221; global_colors_info=&#8221;{}&#8221;]@ET-DC@eyJkeW5hbWljIjp0cnVlLCJjb250ZW50IjoicG9zdF90aXRsZSIsInNldHRpbmdzIjp7ImJlZm9yZSI6IiIsImFmdGVyIjoiIn19@[\/et_pb_text][\/et_pb_column][\/et_pb_row][\/et_pb_section][et_pb_section fb_built=&#8221;1&#8243; _builder_version=&#8221;4.16&#8243; _module_preset=&#8221;default&#8221; custom_margin=&#8221;0px||0px||false|false&#8221; custom_padding=&#8221;0px||0px||false|false&#8221; global_module=&#8221;237594&#8243; saved_tabs=&#8221;all&#8221; global_colors_info=&#8221;{}&#8221;][et_pb_row _builder_version=&#8221;4.16&#8243; _dynamic_attributes=&#8221;background_image&#8221; _module_preset=&#8221;default&#8221; background_image=&#8221;@ET-DC@eyJkeW5hbWljIjp0cnVlLCJjb250ZW50IjoicG9zdF9mZWF0dXJlZF9pbWFnZSIsInNldHRpbmdzIjp7fX0=@&#8221; width=&#8221;100%&#8221; max_width=&#8221;100%&#8221; height=&#8221;80vh&#8221; global_colors_info=&#8221;{}&#8221;][et_pb_column type=&#8221;4_4&#8243; _builder_version=&#8221;4.16&#8243; _module_preset=&#8221;default&#8221; global_colors_info=&#8221;{}&#8221;][\/et_pb_column][\/et_pb_row][\/et_pb_section][et_pb_section fb_built=&#8221;1&#8243; _builder_version=&#8221;4.16&#8243; global_colors_info=&#8221;{}&#8221;][et_pb_row _builder_version=&#8221;4.16&#8243; background_size=&#8221;initial&#8221; background_position=&#8221;top_left&#8221; background_repeat=&#8221;repeat&#8221; width=&#8221;60%&#8221; width_tablet=&#8221;80%&#8221; width_phone=&#8221;80%&#8221; width_last_edited=&#8221;on|desktop&#8221; max_width=&#8221;780px&#8221; custom_margin=&#8221;0px||||false|false&#8221; custom_padding=&#8221;0px||||false|false&#8221; global_colors_info=&#8221;{}&#8221;][et_pb_column type=&#8221;4_4&#8243; _builder_version=&#8221;4.16&#8243; custom_padding=&#8221;|||&#8221; global_colors_info=&#8221;{}&#8221; custom_padding__hover=&#8221;|||&#8221;][et_pb_text admin_label=&#8221;Testo&#8221; _builder_version=&#8221;4.20.2&#8243; background_size=&#8221;initial&#8221; background_position=&#8221;top_left&#8221; background_repeat=&#8221;repeat&#8221; hover_enabled=&#8221;0&#8243; global_colors_info=&#8221;{}&#8221; sticky_enabled=&#8221;0&#8243;]<\/p>\n<p>For the following third year, because of the \u201cSalone del Mobile\u201d, CUF MILANO is proposing its personal interpretation of exhibition, we are organizing a table football team tournament for designers and architects.<\/p>\n<p>The event, which will take place on<strong> 19.04.23, from 5.30 p.m. at the showroom in V. Rosales 5 &#8211; Milan (Corso Como area),<\/strong> will be an opportunity to have fun and talk about design and architecture in the heart of the design capital. The tournament is reserved for pairs of architects and designers who will face each other in direct elimination competitions, competing for the first prize: a design table football by the RS Barcelona brand.<\/p>\n<p>In addition to the tournament, the showroom will open its doors until 10 p.m. for all those who want to spend a pleasant evening, with fun and music: CUF Milano, in fact, is pleased to offer an aperitif with open bar and buffet, set up in our outdoor area of the showroom, for all our visitors, who will have the opportunity, even if not registered, to challenge each other in the free table football or table tennis stations.<\/p>\n<p>If you wish to register for the tournament, please write to rosales@cufmilano.com by 18.04.23.<\/p>\n<p>For further info:<a href=\"https:\/\/www.cufmilano.com\/wp-content\/uploads\/2023\/03\/Regolamento_Architorneo_2023-2.pdf\" target=\"_blank\" rel=\"noopener\"> Download the rules here<\/a>.<\/p>\n<p>All participants will receive a nice gadget, while the winning couple will get a table football offered by RS Barcelona as a prize.<\/p>\n<p>&nbsp;<\/p>\n<p>We look forward to seeing you!<\/p>\n<p>[\/et_pb_text][et_pb_gallery gallery_ids=&#8221;261927,261930,261933,261936&#8243; fullwidth=&#8221;on&#8221; _builder_version=&#8221;4.20.2&#8243; _module_preset=&#8221;default&#8221; pagination_text_color=&#8221;#E02B20&#8243; global_colors_info=&#8221;{}&#8221;][\/et_pb_gallery][\/et_pb_column][\/et_pb_row][\/et_pb_section]<\/p>\n","protected":false},"excerpt":{"rendered":"<p>For the following third year, because of the \u201cSalone del Mobile\u201d, CUF MILANO is proposing its personal interpretation of exhibition, we are organizing a table football team tournament for designers and architects.<br \/>\nThe event, which will take place on 19.04.23, from 5.30 p.m. at the showroom in V. Rosales 5 &#8211; Milan (Corso Como area).<\/p>\n","protected":false},"author":6,"featured_media":261939,"comment_status":"closed","ping_status":"open","sticky":false,"template":"","format":"standard","meta":{"_et_pb_use_builder":"on","_et_pb_old_content":"In questi giorni stiamo tutti aspettando con impazienza il momento in cui le attivit\u00e0 potranno essere riprese.\r\nQuando succeder\u00e0, sar\u00e0 necessario effettuare una serie di accorgimenti perch\u00e9 gli ambienti di lavoro siano pi\u00f9 sicuri, alla luce delle nuove disposizioni e dei protocolli sanitari. Centrufficio arreda uffici da oltre 30 anni: conosciamo le peculiarit\u00e0 di confezionare spazi che siano accoglienti, sicuri, ed efficienti, perch\u00e9 destinati ad ospitare persone per molte ore della loro giornata.\r\nAbbiamo pertanto approntato un DECALOGO contenente dei consigli su come predisporre gli uffici alla riapertura, che condividiamo con voi in questi (si spera ultimi) giorni di quarantena.","_et_gb_content_width":"","footnotes":""},"categories":[84],"tags":[],"class_list":["post-261918","post","type-post","status-publish","format-standard","has-post-thumbnail","hentry","category-news-en"],"yoast_head":"<!-- This site is optimized with the Yoast SEO plugin v27.4 - https:\/\/yoast.com\/product\/yoast-seo-wordpress\/ -->\n<title>OUT OF SHOW: ARCHITORNEO @CUFMILANO - CUF Milano | Furnishing and Design Office Furniture<\/title>\n<meta name=\"robots\" content=\"index, follow, max-snippet:-1, max-image-preview:large, max-video-preview:-1\" \/>\n<link rel=\"canonical\" href=\"https:\/\/www.cufmilano.com\/en\/out-of-show-architorneo-cufmilano\/\" \/>\n<meta property=\"og:locale\" content=\"en_US\" \/>\n<meta property=\"og:type\" content=\"article\" \/>\n<meta property=\"og:title\" content=\"OUT OF SHOW: ARCHITORNEO @CUFMILANO - CUF Milano | Furnishing and Design Office Furniture\" \/>\n<meta property=\"og:description\" content=\"For the following third year, because of the \u201cSalone del Mobile\u201d, CUF MILANO is proposing its personal interpretation of exhibition, we are organizing a table football team tournament for designers and architects. The event, which will take place on 19.04.23, from 5.30 p.m. at the showroom in V. Rosales 5 - Milan (Corso Como area).\" \/>\n<meta property=\"og:url\" content=\"https:\/\/www.cufmilano.com\/en\/out-of-show-architorneo-cufmilano\/\" \/>\n<meta property=\"og:site_name\" content=\"CUF Milano | Furnishing and Design Office Furniture\" \/>\n<meta property=\"article:published_time\" content=\"2023-03-28T17:16:05+00:00\" \/>\n<meta property=\"article:modified_time\" content=\"2023-04-03T15:23:05+00:00\" \/>\n<meta property=\"og:image\" content=\"https:\/\/www.cufmilano.com\/wp-content\/uploads\/2023\/03\/news-architorneo2023-cufmilano-banner.jpg\" \/>\n\t<meta property=\"og:image:width\" content=\"1500\" \/>\n\t<meta property=\"og:image:height\" content=\"690\" \/>\n\t<meta property=\"og:image:type\" content=\"image\/jpeg\" \/>\n<meta name=\"author\" content=\"rosy Natale\" \/>\n<meta name=\"twitter:card\" content=\"summary_large_image\" \/>\n<meta name=\"twitter:label1\" content=\"Written by\" \/>\n\t<meta name=\"twitter:data1\" content=\"rosy Natale\" \/>\n\t<meta name=\"twitter:label2\" content=\"Est. reading time\" \/>\n\t<meta name=\"twitter:data2\" content=\"2 minutes\" \/>\n<script type=\"application\/ld+json\" class=\"yoast-schema-graph\">{\"@context\":\"https:\\\/\\\/schema.org\",\"@graph\":[{\"@type\":\"Article\",\"@id\":\"https:\\\/\\\/www.cufmilano.com\\\/en\\\/out-of-show-architorneo-cufmilano\\\/#article\",\"isPartOf\":{\"@id\":\"https:\\\/\\\/www.cufmilano.com\\\/en\\\/out-of-show-architorneo-cufmilano\\\/\"},\"author\":{\"name\":\"rosy Natale\",\"@id\":\"https:\\\/\\\/www.cufmilano.com\\\/en\\\/#\\\/schema\\\/person\\\/506b830ec72796fd208be3c751bf0cea\"},\"headline\":\"OUT OF SHOW: ARCHITORNEO @CUFMILANO\",\"datePublished\":\"2023-03-28T17:16:05+00:00\",\"dateModified\":\"2023-04-03T15:23:05+00:00\",\"mainEntityOfPage\":{\"@id\":\"https:\\\/\\\/www.cufmilano.com\\\/en\\\/out-of-show-architorneo-cufmilano\\\/\"},\"wordCount\":694,\"image\":{\"@id\":\"https:\\\/\\\/www.cufmilano.com\\\/en\\\/out-of-show-architorneo-cufmilano\\\/#primaryimage\"},\"thumbnailUrl\":\"https:\\\/\\\/www.cufmilano.com\\\/wp-content\\\/uploads\\\/2023\\\/03\\\/news-architorneo2023-cufmilano-banner.jpg\",\"articleSection\":[\"News\"],\"inLanguage\":\"en-US\"},{\"@type\":\"WebPage\",\"@id\":\"https:\\\/\\\/www.cufmilano.com\\\/en\\\/out-of-show-architorneo-cufmilano\\\/\",\"url\":\"https:\\\/\\\/www.cufmilano.com\\\/en\\\/out-of-show-architorneo-cufmilano\\\/\",\"name\":\"OUT OF SHOW: ARCHITORNEO @CUFMILANO - CUF Milano | Furnishing and Design Office Furniture\",\"isPartOf\":{\"@id\":\"https:\\\/\\\/www.cufmilano.com\\\/en\\\/#website\"},\"primaryImageOfPage\":{\"@id\":\"https:\\\/\\\/www.cufmilano.com\\\/en\\\/out-of-show-architorneo-cufmilano\\\/#primaryimage\"},\"image\":{\"@id\":\"https:\\\/\\\/www.cufmilano.com\\\/en\\\/out-of-show-architorneo-cufmilano\\\/#primaryimage\"},\"thumbnailUrl\":\"https:\\\/\\\/www.cufmilano.com\\\/wp-content\\\/uploads\\\/2023\\\/03\\\/news-architorneo2023-cufmilano-banner.jpg\",\"datePublished\":\"2023-03-28T17:16:05+00:00\",\"dateModified\":\"2023-04-03T15:23:05+00:00\",\"author\":{\"@id\":\"https:\\\/\\\/www.cufmilano.com\\\/en\\\/#\\\/schema\\\/person\\\/506b830ec72796fd208be3c751bf0cea\"},\"breadcrumb\":{\"@id\":\"https:\\\/\\\/www.cufmilano.com\\\/en\\\/out-of-show-architorneo-cufmilano\\\/#breadcrumb\"},\"inLanguage\":\"en-US\",\"potentialAction\":[{\"@type\":\"ReadAction\",\"target\":[\"https:\\\/\\\/www.cufmilano.com\\\/en\\\/out-of-show-architorneo-cufmilano\\\/\"]}]},{\"@type\":\"ImageObject\",\"inLanguage\":\"en-US\",\"@id\":\"https:\\\/\\\/www.cufmilano.com\\\/en\\\/out-of-show-architorneo-cufmilano\\\/#primaryimage\",\"url\":\"https:\\\/\\\/www.cufmilano.com\\\/wp-content\\\/uploads\\\/2023\\\/03\\\/news-architorneo2023-cufmilano-banner.jpg\",\"contentUrl\":\"https:\\\/\\\/www.cufmilano.com\\\/wp-content\\\/uploads\\\/2023\\\/03\\\/news-architorneo2023-cufmilano-banner.jpg\",\"width\":1500,\"height\":690},{\"@type\":\"BreadcrumbList\",\"@id\":\"https:\\\/\\\/www.cufmilano.com\\\/en\\\/out-of-show-architorneo-cufmilano\\\/#breadcrumb\",\"itemListElement\":[{\"@type\":\"ListItem\",\"position\":1,\"name\":\"Home\",\"item\":\"https:\\\/\\\/www.cufmilano.com\\\/en\\\/\"},{\"@type\":\"ListItem\",\"position\":2,\"name\":\"OUT OF SHOW: ARCHITORNEO @CUFMILANO\"}]},{\"@type\":\"WebSite\",\"@id\":\"https:\\\/\\\/www.cufmilano.com\\\/en\\\/#website\",\"url\":\"https:\\\/\\\/www.cufmilano.com\\\/en\\\/\",\"name\":\"CUF Milano | Furnishing and Design Office Furniture\",\"description\":\"CUF Milano is specialized in the sale and production of design office furniture, chairs, armchairs, cabinets and partitions.\",\"potentialAction\":[{\"@type\":\"SearchAction\",\"target\":{\"@type\":\"EntryPoint\",\"urlTemplate\":\"https:\\\/\\\/www.cufmilano.com\\\/en\\\/?s={search_term_string}\"},\"query-input\":{\"@type\":\"PropertyValueSpecification\",\"valueRequired\":true,\"valueName\":\"search_term_string\"}}],\"inLanguage\":\"en-US\"},{\"@type\":\"Person\",\"@id\":\"https:\\\/\\\/www.cufmilano.com\\\/en\\\/#\\\/schema\\\/person\\\/506b830ec72796fd208be3c751bf0cea\",\"name\":\"rosy Natale\",\"image\":{\"@type\":\"ImageObject\",\"inLanguage\":\"en-US\",\"@id\":\"https:\\\/\\\/secure.gravatar.com\\\/avatar\\\/c53f27ff539d03e2565053aef53a6aae9c55d8ca6c0c2fd0700a38c18b37bdf6?s=96&d=mm&r=g\",\"url\":\"https:\\\/\\\/secure.gravatar.com\\\/avatar\\\/c53f27ff539d03e2565053aef53a6aae9c55d8ca6c0c2fd0700a38c18b37bdf6?s=96&d=mm&r=g\",\"contentUrl\":\"https:\\\/\\\/secure.gravatar.com\\\/avatar\\\/c53f27ff539d03e2565053aef53a6aae9c55d8ca6c0c2fd0700a38c18b37bdf6?s=96&d=mm&r=g\",\"caption\":\"rosy Natale\"},\"url\":\"https:\\\/\\\/www.cufmilano.com\\\/en\\\/author\\\/rosy\\\/\"}]}<\/script>\n<!-- \/ Yoast SEO plugin. -->","yoast_head_json":{"title":"OUT OF SHOW: ARCHITORNEO @CUFMILANO - CUF Milano | Furnishing and Design Office Furniture","robots":{"index":"index","follow":"follow","max-snippet":"max-snippet:-1","max-image-preview":"max-image-preview:large","max-video-preview":"max-video-preview:-1"},"canonical":"https:\/\/www.cufmilano.com\/en\/out-of-show-architorneo-cufmilano\/","og_locale":"en_US","og_type":"article","og_title":"OUT OF SHOW: ARCHITORNEO @CUFMILANO - CUF Milano | Furnishing and Design Office Furniture","og_description":"For the following third year, because of the \u201cSalone del Mobile\u201d, CUF MILANO is proposing its personal interpretation of exhibition, we are organizing a table football team tournament for designers and architects. The event, which will take place on 19.04.23, from 5.30 p.m. at the showroom in V. Rosales 5 - Milan (Corso Como area).","og_url":"https:\/\/www.cufmilano.com\/en\/out-of-show-architorneo-cufmilano\/","og_site_name":"CUF Milano | Furnishing and Design Office Furniture","article_published_time":"2023-03-28T17:16:05+00:00","article_modified_time":"2023-04-03T15:23:05+00:00","og_image":[{"width":1500,"height":690,"url":"https:\/\/www.cufmilano.com\/wp-content\/uploads\/2023\/03\/news-architorneo2023-cufmilano-banner.jpg","type":"image\/jpeg"}],"author":"rosy Natale","twitter_card":"summary_large_image","twitter_misc":{"Written by":"rosy Natale","Est. reading time":"2 minutes"},"schema":{"@context":"https:\/\/schema.org","@graph":[{"@type":"Article","@id":"https:\/\/www.cufmilano.com\/en\/out-of-show-architorneo-cufmilano\/#article","isPartOf":{"@id":"https:\/\/www.cufmilano.com\/en\/out-of-show-architorneo-cufmilano\/"},"author":{"name":"rosy Natale","@id":"https:\/\/www.cufmilano.com\/en\/#\/schema\/person\/506b830ec72796fd208be3c751bf0cea"},"headline":"OUT OF SHOW: ARCHITORNEO @CUFMILANO","datePublished":"2023-03-28T17:16:05+00:00","dateModified":"2023-04-03T15:23:05+00:00","mainEntityOfPage":{"@id":"https:\/\/www.cufmilano.com\/en\/out-of-show-architorneo-cufmilano\/"},"wordCount":694,"image":{"@id":"https:\/\/www.cufmilano.com\/en\/out-of-show-architorneo-cufmilano\/#primaryimage"},"thumbnailUrl":"https:\/\/www.cufmilano.com\/wp-content\/uploads\/2023\/03\/news-architorneo2023-cufmilano-banner.jpg","articleSection":["News"],"inLanguage":"en-US"},{"@type":"WebPage","@id":"https:\/\/www.cufmilano.com\/en\/out-of-show-architorneo-cufmilano\/","url":"https:\/\/www.cufmilano.com\/en\/out-of-show-architorneo-cufmilano\/","name":"OUT OF SHOW: ARCHITORNEO @CUFMILANO - CUF Milano | Furnishing and Design Office Furniture","isPartOf":{"@id":"https:\/\/www.cufmilano.com\/en\/#website"},"primaryImageOfPage":{"@id":"https:\/\/www.cufmilano.com\/en\/out-of-show-architorneo-cufmilano\/#primaryimage"},"image":{"@id":"https:\/\/www.cufmilano.com\/en\/out-of-show-architorneo-cufmilano\/#primaryimage"},"thumbnailUrl":"https:\/\/www.cufmilano.com\/wp-content\/uploads\/2023\/03\/news-architorneo2023-cufmilano-banner.jpg","datePublished":"2023-03-28T17:16:05+00:00","dateModified":"2023-04-03T15:23:05+00:00","author":{"@id":"https:\/\/www.cufmilano.com\/en\/#\/schema\/person\/506b830ec72796fd208be3c751bf0cea"},"breadcrumb":{"@id":"https:\/\/www.cufmilano.com\/en\/out-of-show-architorneo-cufmilano\/#breadcrumb"},"inLanguage":"en-US","potentialAction":[{"@type":"ReadAction","target":["https:\/\/www.cufmilano.com\/en\/out-of-show-architorneo-cufmilano\/"]}]},{"@type":"ImageObject","inLanguage":"en-US","@id":"https:\/\/www.cufmilano.com\/en\/out-of-show-architorneo-cufmilano\/#primaryimage","url":"https:\/\/www.cufmilano.com\/wp-content\/uploads\/2023\/03\/news-architorneo2023-cufmilano-banner.jpg","contentUrl":"https:\/\/www.cufmilano.com\/wp-content\/uploads\/2023\/03\/news-architorneo2023-cufmilano-banner.jpg","width":1500,"height":690},{"@type":"BreadcrumbList","@id":"https:\/\/www.cufmilano.com\/en\/out-of-show-architorneo-cufmilano\/#breadcrumb","itemListElement":[{"@type":"ListItem","position":1,"name":"Home","item":"https:\/\/www.cufmilano.com\/en\/"},{"@type":"ListItem","position":2,"name":"OUT OF SHOW: ARCHITORNEO @CUFMILANO"}]},{"@type":"WebSite","@id":"https:\/\/www.cufmilano.com\/en\/#website","url":"https:\/\/www.cufmilano.com\/en\/","name":"CUF Milano | Furnishing and Design Office Furniture","description":"CUF Milano is specialized in the sale and production of design office furniture, chairs, armchairs, cabinets and partitions.","potentialAction":[{"@type":"SearchAction","target":{"@type":"EntryPoint","urlTemplate":"https:\/\/www.cufmilano.com\/en\/?s={search_term_string}"},"query-input":{"@type":"PropertyValueSpecification","valueRequired":true,"valueName":"search_term_string"}}],"inLanguage":"en-US"},{"@type":"Person","@id":"https:\/\/www.cufmilano.com\/en\/#\/schema\/person\/506b830ec72796fd208be3c751bf0cea","name":"rosy Natale","image":{"@type":"ImageObject","inLanguage":"en-US","@id":"https:\/\/secure.gravatar.com\/avatar\/c53f27ff539d03e2565053aef53a6aae9c55d8ca6c0c2fd0700a38c18b37bdf6?s=96&d=mm&r=g","url":"https:\/\/secure.gravatar.com\/avatar\/c53f27ff539d03e2565053aef53a6aae9c55d8ca6c0c2fd0700a38c18b37bdf6?s=96&d=mm&r=g","contentUrl":"https:\/\/secure.gravatar.com\/avatar\/c53f27ff539d03e2565053aef53a6aae9c55d8ca6c0c2fd0700a38c18b37bdf6?s=96&d=mm&r=g","caption":"rosy Natale"},"url":"https:\/\/www.cufmilano.com\/en\/author\/rosy\/"}]}},"_links":{"self":[{"href":"https:\/\/www.cufmilano.com\/en\/wp-json\/wp\/v2\/posts\/261918","targetHints":{"allow":["GET"]}}],"collection":[{"href":"https:\/\/www.cufmilano.com\/en\/wp-json\/wp\/v2\/posts"}],"about":[{"href":"https:\/\/www.cufmilano.com\/en\/wp-json\/wp\/v2\/types\/post"}],"author":[{"embeddable":true,"href":"https:\/\/www.cufmilano.com\/en\/wp-json\/wp\/v2\/users\/6"}],"replies":[{"embeddable":true,"href":"https:\/\/www.cufmilano.com\/en\/wp-json\/wp\/v2\/comments?post=261918"}],"version-history":[{"count":0,"href":"https:\/\/www.cufmilano.com\/en\/wp-json\/wp\/v2\/posts\/261918\/revisions"}],"wp:featuredmedia":[{"embeddable":true,"href":"https:\/\/www.cufmilano.com\/en\/wp-json\/wp\/v2\/media\/261939"}],"wp:attachment":[{"href":"https:\/\/www.cufmilano.com\/en\/wp-json\/wp\/v2\/media?parent=261918"}],"wp:term":[{"taxonomy":"category","embeddable":true,"href":"https:\/\/www.cufmilano.com\/en\/wp-json\/wp\/v2\/categories?post=261918"},{"taxonomy":"post_tag","embeddable":true,"href":"https:\/\/www.cufmilano.com\/en\/wp-json\/wp\/v2\/tags?post=261918"}],"curies":[{"name":"wp","href":"https:\/\/api.w.org\/{rel}","templated":true}]}}