{"id":276178,"date":"2024-09-09T00:01:43","date_gmt":"2024-09-08T22:01:43","guid":{"rendered":"https:\/\/www.cufmilano.com\/?p=276178"},"modified":"2024-09-09T10:31:31","modified_gmt":"2024-09-09T08:31:31","slug":"cuf-milano-at-orgatec-2024","status":"publish","type":"post","link":"https:\/\/www.cufmilano.com\/en\/cuf-milano-at-orgatec-2024\/","title":{"rendered":"Cuf Milano at Orgatec 2024"},"content":{"rendered":"<p>[et_pb_section fb_built=&#8221;1&#8243; admin_label=&#8221;header&#8221; _builder_version=&#8221;4.16&#8243; width=&#8221;100%&#8221; max_width=&#8221;100%&#8221; custom_padding=&#8221;0px||40px||false|false&#8221; global_module=&#8221;237589&#8243; saved_tabs=&#8221;all&#8221; global_colors_info=&#8221;{}&#8221;][et_pb_row _builder_version=&#8221;4.16&#8243; background_size=&#8221;initial&#8221; background_position=&#8221;top_left&#8221; background_repeat=&#8221;repeat&#8221; custom_margin=&#8221;0px||0px||false|false&#8221; global_colors_info=&#8221;{}&#8221;][et_pb_column type=&#8221;4_4&#8243; _builder_version=&#8221;4.16&#8243; custom_padding=&#8221;|||&#8221; global_colors_info=&#8221;{}&#8221; custom_padding__hover=&#8221;|||&#8221;][et_pb_text admin_label=&#8221;Torna&#8221; module_class=&#8221;torna-news&#8221; _builder_version=&#8221;4.18.0&#8243; text_font_size=&#8221;15px&#8221; text_line_height=&#8221;1em&#8221; background_size=&#8221;initial&#8221; background_position=&#8221;top_left&#8221; background_repeat=&#8221;repeat&#8221; custom_margin=&#8221;0px||15px||false|false&#8221; custom_padding=&#8221;0px||||false|false&#8221; global_colors_info=&#8221;{}&#8221;]<\/p>\n<p><a href=\"https:\/\/www.cufmilano.com\/en\/news\/\">&lt; all news<\/a><\/p>\n<p>[\/et_pb_text][et_pb_text admin_label=&#8221;Data&#8221; _builder_version=&#8221;4.16&#8243; _dynamic_attributes=&#8221;content&#8221; text_font_size=&#8221;19px&#8221; text_line_height=&#8221;1em&#8221; background_size=&#8221;initial&#8221; background_position=&#8221;top_left&#8221; background_repeat=&#8221;repeat&#8221; text_orientation=&#8221;center&#8221; custom_margin=&#8221;||15px||false|false&#8221; custom_padding=&#8221;20px||||false|false&#8221; global_colors_info=&#8221;{}&#8221;]@ET-DC@eyJkeW5hbWljIjp0cnVlLCJjb250ZW50IjoicG9zdF9kYXRlIiwic2V0dGluZ3MiOnsiYmVmb3JlIjoiIiwiYWZ0ZXIiOiIiLCJkYXRlX2Zvcm1hdCI6ImogTSwgWSIsImN1c3RvbV9kYXRlX2Zvcm1hdCI6IiJ9fQ==@[\/et_pb_text][et_pb_text admin_label=&#8221;Titolo&#8221; _builder_version=&#8221;4.16&#8243; _dynamic_attributes=&#8221;content&#8221; _module_preset=&#8221;default&#8221; text_font=&#8221;|600||on|||||&#8221; text_font_size=&#8221;26px&#8221; text_orientation=&#8221;center&#8221; custom_margin=&#8221;15px||||false|false&#8221; global_colors_info=&#8221;{}&#8221;]@ET-DC@eyJkeW5hbWljIjp0cnVlLCJjb250ZW50IjoicG9zdF90aXRsZSIsInNldHRpbmdzIjp7ImJlZm9yZSI6IiIsImFmdGVyIjoiIn19@[\/et_pb_text][\/et_pb_column][\/et_pb_row][\/et_pb_section][et_pb_section fb_built=&#8221;1&#8243; _builder_version=&#8221;4.16&#8243; _module_preset=&#8221;default&#8221; custom_margin=&#8221;0px||0px||false|false&#8221; custom_padding=&#8221;0px||0px||false|false&#8221; global_module=&#8221;237594&#8243; saved_tabs=&#8221;all&#8221; global_colors_info=&#8221;{}&#8221;][et_pb_row _builder_version=&#8221;4.16&#8243; _dynamic_attributes=&#8221;background_image&#8221; _module_preset=&#8221;default&#8221; background_image=&#8221;@ET-DC@eyJkeW5hbWljIjp0cnVlLCJjb250ZW50IjoicG9zdF9mZWF0dXJlZF9pbWFnZSIsInNldHRpbmdzIjp7fX0=@&#8221; width=&#8221;100%&#8221; max_width=&#8221;100%&#8221; height=&#8221;80vh&#8221; global_colors_info=&#8221;{}&#8221;][et_pb_column type=&#8221;4_4&#8243; _builder_version=&#8221;4.16&#8243; _module_preset=&#8221;default&#8221; global_colors_info=&#8221;{}&#8221;][\/et_pb_column][\/et_pb_row][\/et_pb_section][et_pb_section fb_built=&#8221;1&#8243; _builder_version=&#8221;4.27.0&#8243; custom_margin=&#8221;||0px||false|false&#8221; custom_padding=&#8221;||0px||false|false&#8221; global_colors_info=&#8221;{}&#8221;][et_pb_row _builder_version=&#8221;4.27.0&#8243; background_size=&#8221;initial&#8221; background_position=&#8221;top_left&#8221; background_repeat=&#8221;repeat&#8221; width=&#8221;60%&#8221; width_tablet=&#8221;80%&#8221; width_phone=&#8221;80%&#8221; width_last_edited=&#8221;on|desktop&#8221; max_width=&#8221;780px&#8221; custom_margin=&#8221;0px||0px||false|false&#8221; custom_padding=&#8221;0px||0px||false|false&#8221; global_colors_info=&#8221;{}&#8221;][et_pb_column type=&#8221;4_4&#8243; _builder_version=&#8221;4.16&#8243; custom_padding=&#8221;|||&#8221; global_colors_info=&#8221;{}&#8221; custom_padding__hover=&#8221;|||&#8221;][et_pb_text admin_label=&#8221;Testo&#8221; _builder_version=&#8221;4.27.0&#8243; background_size=&#8221;initial&#8221; background_position=&#8221;top_left&#8221; background_repeat=&#8221;repeat&#8221; link_option_url_new_window=&#8221;on&#8221; hover_enabled=&#8221;0&#8243; global_colors_info=&#8221;{}&#8221; sticky_enabled=&#8221;0&#8243;]<\/p>\n<p>We are delighted to extend an exclusive invitation to visit us at <strong>Orgatec 2024<\/strong>, where CUF Milano will showcase a vision of the evolving workplace.<br \/>This premier event, taking place from <strong>October 22 to 25 in Cologne<\/strong>, is a pivotal platform for the office and contract furniture industry, and we are excited to present our latest innovations.<\/p>\n<p>Highlight of Orgatec 2024: CUF Milano will unveil a collection of products designed to meet the demands of the modern workplace. Our offerings are crafted to navigate the new dynamics of work, with a particular focus on enhancing interpersonal relationships within shared spaces. From innovative systems and modular solutionsto office furnishings that have become iconic in our history, our products are designed to support the success of the contemporary work environment.<\/p>\n<p><strong>When<\/strong>: 22- 25 October 2024<\/p>\n<p><strong>Where<\/strong>: Cologne Fair, Hall 07.1 | Stand SD029<\/p>\n<p>We look forward to welcoming you at Orgatec 2024 and exploring the future of workplace design together.<\/p>\n<p><strong>Stay tuned for exciting updates from Orgatec 2024!<\/strong><\/p>\n<p>Our team will be sharing the latest news and insights on our social media channels, including details about our newproduct launch and our participation at the event. Don&#8217;t miss out\u2014follow us on social media to stay informed and be the first to know what&#8217;s coming next.<\/p>\n<p>[\/et_pb_text][\/et_pb_column][\/et_pb_row][\/et_pb_section][et_pb_section fb_built=&#8221;1&#8243; admin_label=&#8221;EN Segui social CufMilano&#8221; _builder_version=&#8221;4.27.0&#8243; custom_margin=&#8221;0px||||false|false&#8221; custom_padding=&#8221;0px||||false|false&#8221; global_module=&#8221;276256&#8243; saved_tabs=&#8221;all&#8221; global_colors_info=&#8221;{}&#8221;][et_pb_row _builder_version=&#8221;4.27.0&#8243; background_size=&#8221;initial&#8221; background_position=&#8221;top_left&#8221; background_repeat=&#8221;repeat&#8221; width=&#8221;60%&#8221; width_tablet=&#8221;80%&#8221; width_phone=&#8221;80%&#8221; width_last_edited=&#8221;on|desktop&#8221; max_width=&#8221;780px&#8221; custom_margin=&#8221;15px||||false|false&#8221; custom_padding=&#8221;0px||||false|false&#8221; global_colors_info=&#8221;{}&#8221;][et_pb_column type=&#8221;4_4&#8243; _builder_version=&#8221;4.16&#8243; custom_padding=&#8221;|||&#8221; global_colors_info=&#8221;{}&#8221; custom_padding__hover=&#8221;|||&#8221;][et_pb_text admin_label=&#8221;Testo&#8221; _builder_version=&#8221;4.27.0&#8243; text_font=&#8221;|700||on|||||&#8221; text_font_size=&#8221;13px&#8221; background_size=&#8221;initial&#8221; background_position=&#8221;top_left&#8221; background_repeat=&#8221;repeat&#8221; custom_margin=&#8221;0px||6px||false|false&#8221; custom_padding=&#8221;0px||0px||false|false&#8221; link_option_url_new_window=&#8221;on&#8221; global_colors_info=&#8221;{}&#8221;]<\/p>\n<p>Follow Us:<\/p>\n<p>[\/et_pb_text][et_pb_social_media_follow _builder_version=&#8221;4.27.0&#8243; _module_preset=&#8221;default&#8221; text_orientation=&#8221;left&#8221; global_colors_info=&#8221;{}&#8221;][et_pb_social_media_follow_network social_network=&#8221;facebook&#8221; url=&#8221;https:\/\/www.facebook.com\/CentrufficioLoreto\/&#8221; _builder_version=&#8221;4.27.0&#8243; _module_preset=&#8221;default&#8221; background_color=&#8221;#3b5998&#8243; custom_margin=&#8221;|||-14px|false|false&#8221; custom_padding=&#8221;|||0px|false|false&#8221; global_colors_info=&#8221;{}&#8221; follow_button=&#8221;off&#8221; url_new_window=&#8221;on&#8221;]facebook[\/et_pb_social_media_follow_network][et_pb_social_media_follow_network social_network=&#8221;linkedin&#8221; url=&#8221;http:\/\/www.linkedin.com\/company\/centrufficio-loreto-spa?trk=hb_tab_compy_id_2505605&#8243; _builder_version=&#8221;4.27.0&#8243; _module_preset=&#8221;default&#8221; background_color=&#8221;#007bb6&#8243; global_colors_info=&#8221;{}&#8221; follow_button=&#8221;off&#8221; url_new_window=&#8221;on&#8221;]linkedin[\/et_pb_social_media_follow_network][et_pb_social_media_follow_network social_network=&#8221;instagram&#8221; url=&#8221;https:\/\/www.instagram.com\/cuf_milano\/&#8221; _builder_version=&#8221;4.27.0&#8243; _module_preset=&#8221;default&#8221; background_color=&#8221;#ea2c59&#8243; global_colors_info=&#8221;{}&#8221; follow_button=&#8221;off&#8221; url_new_window=&#8221;on&#8221;]instagram[\/et_pb_social_media_follow_network][et_pb_social_media_follow_network social_network=&#8221;pinterest&#8221; url=&#8221;https:\/\/it.pinterest.com\/centrufficiospa\/&#8221; _builder_version=&#8221;4.27.0&#8243; _module_preset=&#8221;default&#8221; background_color=&#8221;#cb2027&#8243; global_colors_info=&#8221;{}&#8221; follow_button=&#8221;off&#8221; url_new_window=&#8221;on&#8221;]pinterest[\/et_pb_social_media_follow_network][et_pb_social_media_follow_network social_network=&#8221;youtube&#8221; url=&#8221;https:\/\/www.youtube.com\/@Centrufficiospa\/videos&#8221; _builder_version=&#8221;4.27.0&#8243; _module_preset=&#8221;default&#8221; background_color=&#8221;#a82400&#8243; global_colors_info=&#8221;{}&#8221; follow_button=&#8221;off&#8221; url_new_window=&#8221;on&#8221;]youtube[\/et_pb_social_media_follow_network][\/et_pb_social_media_follow][\/et_pb_column][\/et_pb_row][\/et_pb_section]<\/p>\n","protected":false},"excerpt":{"rendered":"<p>We are delighted to extend an exclusive invitation to visit us at Orgatec 2024, where CUF Milano will showcase a vision of the evolving workplace.<br \/>\nThis premier event, taking place from October 22 to 25 in Cologne, is a pivotal platform for the office and contract furniture industry, and we are excited to present our latest innovations.<\/p>\n","protected":false},"author":1,"featured_media":276227,"comment_status":"closed","ping_status":"open","sticky":false,"template":"","format":"standard","meta":{"_et_pb_use_builder":"on","_et_pb_old_content":"In questi giorni stiamo tutti aspettando con impazienza il momento in cui le attivit\u00e0 potranno essere riprese.\r\nQuando succeder\u00e0, sar\u00e0 necessario effettuare una serie di accorgimenti perch\u00e9 gli ambienti di lavoro siano pi\u00f9 sicuri, alla luce delle nuove disposizioni e dei protocolli sanitari. Centrufficio arreda uffici da oltre 30 anni: conosciamo le peculiarit\u00e0 di confezionare spazi che siano accoglienti, sicuri, ed efficienti, perch\u00e9 destinati ad ospitare persone per molte ore della loro giornata.\r\nAbbiamo pertanto approntato un DECALOGO contenente dei consigli su come predisporre gli uffici alla riapertura, che condividiamo con voi in questi (si spera ultimi) giorni di quarantena.","_et_gb_content_width":"","footnotes":""},"categories":[16],"tags":[],"class_list":["post-276178","post","type-post","status-publish","format-standard","has-post-thumbnail","hentry","category-uncategorized"],"yoast_head":"<!-- This site is optimized with the Yoast SEO plugin v27.4 - https:\/\/yoast.com\/product\/yoast-seo-wordpress\/ -->\n<title>Cuf Milano at Orgatec 2024 - CUF Milano | Furnishing and Design Office Furniture<\/title>\n<meta name=\"robots\" content=\"index, follow, max-snippet:-1, max-image-preview:large, max-video-preview:-1\" \/>\n<link rel=\"canonical\" href=\"https:\/\/www.cufmilano.com\/en\/cuf-milano-at-orgatec-2024\/\" \/>\n<meta property=\"og:locale\" content=\"en_US\" \/>\n<meta property=\"og:type\" content=\"article\" \/>\n<meta property=\"og:title\" content=\"Cuf Milano at Orgatec 2024 - CUF Milano | Furnishing and Design Office Furniture\" \/>\n<meta property=\"og:description\" content=\"We are delighted to extend an exclusive invitation to visit us at Orgatec 2024, where CUF Milano will showcase a vision of the evolving workplace. This premier event, taking place from October 22 to 25 in Cologne, is a pivotal platform for the office and contract furniture industry, and we are excited to present our latest innovations.\" \/>\n<meta property=\"og:url\" content=\"https:\/\/www.cufmilano.com\/en\/cuf-milano-at-orgatec-2024\/\" \/>\n<meta property=\"og:site_name\" content=\"CUF Milano | Furnishing and Design Office Furniture\" \/>\n<meta property=\"article:published_time\" content=\"2024-09-08T22:01:43+00:00\" \/>\n<meta property=\"article:modified_time\" content=\"2024-09-09T08:31:31+00:00\" \/>\n<meta property=\"og:image\" content=\"https:\/\/www.cufmilano.com\/wp-content\/uploads\/2024\/09\/orgatec2024-cufmilano-banner-ok-1.jpg\" \/>\n\t<meta property=\"og:image:width\" content=\"2000\" \/>\n\t<meta property=\"og:image:height\" content=\"1300\" \/>\n\t<meta property=\"og:image:type\" content=\"image\/jpeg\" \/>\n<meta name=\"author\" content=\"comelli@spaziocreativo.eu\" \/>\n<meta name=\"twitter:card\" content=\"summary_large_image\" \/>\n<meta name=\"twitter:label1\" content=\"Written by\" \/>\n\t<meta name=\"twitter:data1\" content=\"comelli@spaziocreativo.eu\" \/>\n\t<meta name=\"twitter:label2\" content=\"Est. reading time\" \/>\n\t<meta name=\"twitter:data2\" content=\"2 minutes\" \/>\n<script type=\"application\/ld+json\" class=\"yoast-schema-graph\">{\"@context\":\"https:\\\/\\\/schema.org\",\"@graph\":[{\"@type\":\"Article\",\"@id\":\"https:\\\/\\\/www.cufmilano.com\\\/en\\\/cuf-milano-at-orgatec-2024\\\/#article\",\"isPartOf\":{\"@id\":\"https:\\\/\\\/www.cufmilano.com\\\/en\\\/cuf-milano-at-orgatec-2024\\\/\"},\"author\":{\"name\":\"comelli@spaziocreativo.eu\",\"@id\":\"https:\\\/\\\/www.cufmilano.com\\\/en\\\/#\\\/schema\\\/person\\\/4913e6122d74a666823955933b4fca74\"},\"headline\":\"Cuf Milano at Orgatec 2024\",\"datePublished\":\"2024-09-08T22:01:43+00:00\",\"dateModified\":\"2024-09-09T08:31:31+00:00\",\"mainEntityOfPage\":{\"@id\":\"https:\\\/\\\/www.cufmilano.com\\\/en\\\/cuf-milano-at-orgatec-2024\\\/\"},\"wordCount\":1040,\"image\":{\"@id\":\"https:\\\/\\\/www.cufmilano.com\\\/en\\\/cuf-milano-at-orgatec-2024\\\/#primaryimage\"},\"thumbnailUrl\":\"https:\\\/\\\/www.cufmilano.com\\\/wp-content\\\/uploads\\\/2024\\\/09\\\/orgatec2024-cufmilano-banner-ok-1.jpg\",\"inLanguage\":\"en-US\"},{\"@type\":\"WebPage\",\"@id\":\"https:\\\/\\\/www.cufmilano.com\\\/en\\\/cuf-milano-at-orgatec-2024\\\/\",\"url\":\"https:\\\/\\\/www.cufmilano.com\\\/en\\\/cuf-milano-at-orgatec-2024\\\/\",\"name\":\"Cuf Milano at Orgatec 2024 - CUF Milano | Furnishing and Design Office Furniture\",\"isPartOf\":{\"@id\":\"https:\\\/\\\/www.cufmilano.com\\\/en\\\/#website\"},\"primaryImageOfPage\":{\"@id\":\"https:\\\/\\\/www.cufmilano.com\\\/en\\\/cuf-milano-at-orgatec-2024\\\/#primaryimage\"},\"image\":{\"@id\":\"https:\\\/\\\/www.cufmilano.com\\\/en\\\/cuf-milano-at-orgatec-2024\\\/#primaryimage\"},\"thumbnailUrl\":\"https:\\\/\\\/www.cufmilano.com\\\/wp-content\\\/uploads\\\/2024\\\/09\\\/orgatec2024-cufmilano-banner-ok-1.jpg\",\"datePublished\":\"2024-09-08T22:01:43+00:00\",\"dateModified\":\"2024-09-09T08:31:31+00:00\",\"author\":{\"@id\":\"https:\\\/\\\/www.cufmilano.com\\\/en\\\/#\\\/schema\\\/person\\\/4913e6122d74a666823955933b4fca74\"},\"breadcrumb\":{\"@id\":\"https:\\\/\\\/www.cufmilano.com\\\/en\\\/cuf-milano-at-orgatec-2024\\\/#breadcrumb\"},\"inLanguage\":\"en-US\",\"potentialAction\":[{\"@type\":\"ReadAction\",\"target\":[\"https:\\\/\\\/www.cufmilano.com\\\/en\\\/cuf-milano-at-orgatec-2024\\\/\"]}]},{\"@type\":\"ImageObject\",\"inLanguage\":\"en-US\",\"@id\":\"https:\\\/\\\/www.cufmilano.com\\\/en\\\/cuf-milano-at-orgatec-2024\\\/#primaryimage\",\"url\":\"https:\\\/\\\/www.cufmilano.com\\\/wp-content\\\/uploads\\\/2024\\\/09\\\/orgatec2024-cufmilano-banner-ok-1.jpg\",\"contentUrl\":\"https:\\\/\\\/www.cufmilano.com\\\/wp-content\\\/uploads\\\/2024\\\/09\\\/orgatec2024-cufmilano-banner-ok-1.jpg\",\"width\":2000,\"height\":1300},{\"@type\":\"BreadcrumbList\",\"@id\":\"https:\\\/\\\/www.cufmilano.com\\\/en\\\/cuf-milano-at-orgatec-2024\\\/#breadcrumb\",\"itemListElement\":[{\"@type\":\"ListItem\",\"position\":1,\"name\":\"Home\",\"item\":\"https:\\\/\\\/www.cufmilano.com\\\/en\\\/\"},{\"@type\":\"ListItem\",\"position\":2,\"name\":\"Cuf Milano at Orgatec 2024\"}]},{\"@type\":\"WebSite\",\"@id\":\"https:\\\/\\\/www.cufmilano.com\\\/en\\\/#website\",\"url\":\"https:\\\/\\\/www.cufmilano.com\\\/en\\\/\",\"name\":\"CUF Milano | Furnishing and Design Office Furniture\",\"description\":\"CUF Milano is specialized in the sale and production of design office furniture, chairs, armchairs, cabinets and partitions.\",\"potentialAction\":[{\"@type\":\"SearchAction\",\"target\":{\"@type\":\"EntryPoint\",\"urlTemplate\":\"https:\\\/\\\/www.cufmilano.com\\\/en\\\/?s={search_term_string}\"},\"query-input\":{\"@type\":\"PropertyValueSpecification\",\"valueRequired\":true,\"valueName\":\"search_term_string\"}}],\"inLanguage\":\"en-US\"},{\"@type\":\"Person\",\"@id\":\"https:\\\/\\\/www.cufmilano.com\\\/en\\\/#\\\/schema\\\/person\\\/4913e6122d74a666823955933b4fca74\",\"name\":\"comelli@spaziocreativo.eu\",\"image\":{\"@type\":\"ImageObject\",\"inLanguage\":\"en-US\",\"@id\":\"https:\\\/\\\/secure.gravatar.com\\\/avatar\\\/8dc737126187d0b631daae79c646c3e103c14bde7beb3e40357898151c8b0226?s=96&d=mm&r=g\",\"url\":\"https:\\\/\\\/secure.gravatar.com\\\/avatar\\\/8dc737126187d0b631daae79c646c3e103c14bde7beb3e40357898151c8b0226?s=96&d=mm&r=g\",\"contentUrl\":\"https:\\\/\\\/secure.gravatar.com\\\/avatar\\\/8dc737126187d0b631daae79c646c3e103c14bde7beb3e40357898151c8b0226?s=96&d=mm&r=g\",\"caption\":\"comelli@spaziocreativo.eu\"},\"sameAs\":[\"http:\\\/\\\/www.cufmilano.com\"],\"url\":\"https:\\\/\\\/www.cufmilano.com\\\/en\\\/author\\\/comellispaziocreativo-eu\\\/\"}]}<\/script>\n<!-- \/ Yoast SEO plugin. -->","yoast_head_json":{"title":"Cuf Milano at Orgatec 2024 - CUF Milano | Furnishing and Design Office Furniture","robots":{"index":"index","follow":"follow","max-snippet":"max-snippet:-1","max-image-preview":"max-image-preview:large","max-video-preview":"max-video-preview:-1"},"canonical":"https:\/\/www.cufmilano.com\/en\/cuf-milano-at-orgatec-2024\/","og_locale":"en_US","og_type":"article","og_title":"Cuf Milano at Orgatec 2024 - CUF Milano | Furnishing and Design Office Furniture","og_description":"We are delighted to extend an exclusive invitation to visit us at Orgatec 2024, where CUF Milano will showcase a vision of the evolving workplace. This premier event, taking place from October 22 to 25 in Cologne, is a pivotal platform for the office and contract furniture industry, and we are excited to present our latest innovations.","og_url":"https:\/\/www.cufmilano.com\/en\/cuf-milano-at-orgatec-2024\/","og_site_name":"CUF Milano | Furnishing and Design Office Furniture","article_published_time":"2024-09-08T22:01:43+00:00","article_modified_time":"2024-09-09T08:31:31+00:00","og_image":[{"width":2000,"height":1300,"url":"https:\/\/www.cufmilano.com\/wp-content\/uploads\/2024\/09\/orgatec2024-cufmilano-banner-ok-1.jpg","type":"image\/jpeg"}],"author":"comelli@spaziocreativo.eu","twitter_card":"summary_large_image","twitter_misc":{"Written by":"comelli@spaziocreativo.eu","Est. reading time":"2 minutes"},"schema":{"@context":"https:\/\/schema.org","@graph":[{"@type":"Article","@id":"https:\/\/www.cufmilano.com\/en\/cuf-milano-at-orgatec-2024\/#article","isPartOf":{"@id":"https:\/\/www.cufmilano.com\/en\/cuf-milano-at-orgatec-2024\/"},"author":{"name":"comelli@spaziocreativo.eu","@id":"https:\/\/www.cufmilano.com\/en\/#\/schema\/person\/4913e6122d74a666823955933b4fca74"},"headline":"Cuf Milano at Orgatec 2024","datePublished":"2024-09-08T22:01:43+00:00","dateModified":"2024-09-09T08:31:31+00:00","mainEntityOfPage":{"@id":"https:\/\/www.cufmilano.com\/en\/cuf-milano-at-orgatec-2024\/"},"wordCount":1040,"image":{"@id":"https:\/\/www.cufmilano.com\/en\/cuf-milano-at-orgatec-2024\/#primaryimage"},"thumbnailUrl":"https:\/\/www.cufmilano.com\/wp-content\/uploads\/2024\/09\/orgatec2024-cufmilano-banner-ok-1.jpg","inLanguage":"en-US"},{"@type":"WebPage","@id":"https:\/\/www.cufmilano.com\/en\/cuf-milano-at-orgatec-2024\/","url":"https:\/\/www.cufmilano.com\/en\/cuf-milano-at-orgatec-2024\/","name":"Cuf Milano at Orgatec 2024 - CUF Milano | Furnishing and Design Office Furniture","isPartOf":{"@id":"https:\/\/www.cufmilano.com\/en\/#website"},"primaryImageOfPage":{"@id":"https:\/\/www.cufmilano.com\/en\/cuf-milano-at-orgatec-2024\/#primaryimage"},"image":{"@id":"https:\/\/www.cufmilano.com\/en\/cuf-milano-at-orgatec-2024\/#primaryimage"},"thumbnailUrl":"https:\/\/www.cufmilano.com\/wp-content\/uploads\/2024\/09\/orgatec2024-cufmilano-banner-ok-1.jpg","datePublished":"2024-09-08T22:01:43+00:00","dateModified":"2024-09-09T08:31:31+00:00","author":{"@id":"https:\/\/www.cufmilano.com\/en\/#\/schema\/person\/4913e6122d74a666823955933b4fca74"},"breadcrumb":{"@id":"https:\/\/www.cufmilano.com\/en\/cuf-milano-at-orgatec-2024\/#breadcrumb"},"inLanguage":"en-US","potentialAction":[{"@type":"ReadAction","target":["https:\/\/www.cufmilano.com\/en\/cuf-milano-at-orgatec-2024\/"]}]},{"@type":"ImageObject","inLanguage":"en-US","@id":"https:\/\/www.cufmilano.com\/en\/cuf-milano-at-orgatec-2024\/#primaryimage","url":"https:\/\/www.cufmilano.com\/wp-content\/uploads\/2024\/09\/orgatec2024-cufmilano-banner-ok-1.jpg","contentUrl":"https:\/\/www.cufmilano.com\/wp-content\/uploads\/2024\/09\/orgatec2024-cufmilano-banner-ok-1.jpg","width":2000,"height":1300},{"@type":"BreadcrumbList","@id":"https:\/\/www.cufmilano.com\/en\/cuf-milano-at-orgatec-2024\/#breadcrumb","itemListElement":[{"@type":"ListItem","position":1,"name":"Home","item":"https:\/\/www.cufmilano.com\/en\/"},{"@type":"ListItem","position":2,"name":"Cuf Milano at Orgatec 2024"}]},{"@type":"WebSite","@id":"https:\/\/www.cufmilano.com\/en\/#website","url":"https:\/\/www.cufmilano.com\/en\/","name":"CUF Milano | Furnishing and Design Office Furniture","description":"CUF Milano is specialized in the sale and production of design office furniture, chairs, armchairs, cabinets and partitions.","potentialAction":[{"@type":"SearchAction","target":{"@type":"EntryPoint","urlTemplate":"https:\/\/www.cufmilano.com\/en\/?s={search_term_string}"},"query-input":{"@type":"PropertyValueSpecification","valueRequired":true,"valueName":"search_term_string"}}],"inLanguage":"en-US"},{"@type":"Person","@id":"https:\/\/www.cufmilano.com\/en\/#\/schema\/person\/4913e6122d74a666823955933b4fca74","name":"comelli@spaziocreativo.eu","image":{"@type":"ImageObject","inLanguage":"en-US","@id":"https:\/\/secure.gravatar.com\/avatar\/8dc737126187d0b631daae79c646c3e103c14bde7beb3e40357898151c8b0226?s=96&d=mm&r=g","url":"https:\/\/secure.gravatar.com\/avatar\/8dc737126187d0b631daae79c646c3e103c14bde7beb3e40357898151c8b0226?s=96&d=mm&r=g","contentUrl":"https:\/\/secure.gravatar.com\/avatar\/8dc737126187d0b631daae79c646c3e103c14bde7beb3e40357898151c8b0226?s=96&d=mm&r=g","caption":"comelli@spaziocreativo.eu"},"sameAs":["https:\/\/www.cufmilano.com"],"url":"https:\/\/www.cufmilano.com\/en\/author\/comellispaziocreativo-eu\/"}]}},"_links":{"self":[{"href":"https:\/\/www.cufmilano.com\/en\/wp-json\/wp\/v2\/posts\/276178","targetHints":{"allow":["GET"]}}],"collection":[{"href":"https:\/\/www.cufmilano.com\/en\/wp-json\/wp\/v2\/posts"}],"about":[{"href":"https:\/\/www.cufmilano.com\/en\/wp-json\/wp\/v2\/types\/post"}],"author":[{"embeddable":true,"href":"https:\/\/www.cufmilano.com\/en\/wp-json\/wp\/v2\/users\/1"}],"replies":[{"embeddable":true,"href":"https:\/\/www.cufmilano.com\/en\/wp-json\/wp\/v2\/comments?post=276178"}],"version-history":[{"count":0,"href":"https:\/\/www.cufmilano.com\/en\/wp-json\/wp\/v2\/posts\/276178\/revisions"}],"wp:featuredmedia":[{"embeddable":true,"href":"https:\/\/www.cufmilano.com\/en\/wp-json\/wp\/v2\/media\/276227"}],"wp:attachment":[{"href":"https:\/\/www.cufmilano.com\/en\/wp-json\/wp\/v2\/media?parent=276178"}],"wp:term":[{"taxonomy":"category","embeddable":true,"href":"https:\/\/www.cufmilano.com\/en\/wp-json\/wp\/v2\/categories?post=276178"},{"taxonomy":"post_tag","embeddable":true,"href":"https:\/\/www.cufmilano.com\/en\/wp-json\/wp\/v2\/tags?post=276178"}],"curies":[{"name":"wp","href":"https:\/\/api.w.org\/{rel}","templated":true}]}}