{"id":259508,"date":"2020-11-09T11:45:10","date_gmt":"2020-11-09T10:45:10","guid":{"rendered":"https:\/\/www.cufmilano.com\/home-office-how-to-do-it\/"},"modified":"2022-10-24T15:10:52","modified_gmt":"2022-10-24T13:10:52","slug":"home-office-how-to-do-it","status":"publish","type":"post","link":"https:\/\/www.cufmilano.com\/fr\/home-office-how-to-do-it\/","title":{"rendered":"HOME OFFICE: how to do it"},"content":{"rendered":"<p>[et_pb_section fb_built=\u00a0\u00bb1&Prime; admin_label=\u00a0\u00bbheader\u00a0\u00bb _builder_version=\u00a0\u00bb4.16&Prime; width=\u00a0\u00bb100%\u00a0\u00bb max_width=\u00a0\u00bb100%\u00a0\u00bb custom_padding=\u00a0\u00bb0px||40px||false|false\u00a0\u00bb global_module=\u00a0\u00bb237589&Prime; saved_tabs=\u00a0\u00bball\u00a0\u00bb global_colors_info=\u00a0\u00bb{}\u00a0\u00bb][et_pb_row _builder_version=\u00a0\u00bb4.16&Prime; background_size=\u00a0\u00bbinitial\u00a0\u00bb background_position=\u00a0\u00bbtop_left\u00a0\u00bb background_repeat=\u00a0\u00bbrepeat\u00a0\u00bb custom_margin=\u00a0\u00bb0px||0px||false|false\u00a0\u00bb global_colors_info=\u00a0\u00bb{}\u00a0\u00bb][et_pb_column type=\u00a0\u00bb4_4&Prime; _builder_version=\u00a0\u00bb4.16&Prime; custom_padding=\u00a0\u00bb|||\u00a0\u00bb global_colors_info=\u00a0\u00bb{}\u00a0\u00bb custom_padding__hover=\u00a0\u00bb|||\u00a0\u00bb][et_pb_text admin_label=\u00a0\u00bbTorna\u00a0\u00bb module_class=\u00a0\u00bbtorna-news\u00a0\u00bb _builder_version=\u00a0\u00bb4.18.0&Prime; text_font_size=\u00a0\u00bb15px\u00a0\u00bb text_line_height=\u00a0\u00bb1em\u00a0\u00bb background_size=\u00a0\u00bbinitial\u00a0\u00bb background_position=\u00a0\u00bbtop_left\u00a0\u00bb background_repeat=\u00a0\u00bbrepeat\u00a0\u00bb custom_margin=\u00a0\u00bb0px||15px||false|false\u00a0\u00bb custom_padding=\u00a0\u00bb0px||||false|false\u00a0\u00bb global_colors_info=\u00a0\u00bb{}\u00a0\u00bb]<\/p>\n<p><a href=\"https:\/\/www.cufmilano.com\/en\/news\/\">&lt; all news<\/a><\/p>\n<p>[\/et_pb_text][et_pb_text admin_label=\u00a0\u00bbData\u00a0\u00bb _builder_version=\u00a0\u00bb4.16&Prime; _dynamic_attributes=\u00a0\u00bbcontent\u00a0\u00bb text_font_size=\u00a0\u00bb19px\u00a0\u00bb text_line_height=\u00a0\u00bb1em\u00a0\u00bb background_size=\u00a0\u00bbinitial\u00a0\u00bb background_position=\u00a0\u00bbtop_left\u00a0\u00bb background_repeat=\u00a0\u00bbrepeat\u00a0\u00bb text_orientation=\u00a0\u00bbcenter\u00a0\u00bb custom_margin=\u00a0\u00bb||15px||false|false\u00a0\u00bb custom_padding=\u00a0\u00bb20px||||false|false\u00a0\u00bb global_colors_info=\u00a0\u00bb{}\u00a0\u00bb]@ET-DC@eyJkeW5hbWljIjp0cnVlLCJjb250ZW50IjoicG9zdF9kYXRlIiwic2V0dGluZ3MiOnsiYmVmb3JlIjoiIiwiYWZ0ZXIiOiIiLCJkYXRlX2Zvcm1hdCI6ImogTSwgWSIsImN1c3RvbV9kYXRlX2Zvcm1hdCI6IiJ9fQ==@[\/et_pb_text][et_pb_text admin_label=\u00a0\u00bbTitolo\u00a0\u00bb _builder_version=\u00a0\u00bb4.16&Prime; _dynamic_attributes=\u00a0\u00bbcontent\u00a0\u00bb _module_preset=\u00a0\u00bbdefault\u00a0\u00bb text_font=\u00a0\u00bb|600||on|||||\u00a0\u00bb text_font_size=\u00a0\u00bb26px\u00a0\u00bb text_line_height=\u00a0\u00bb1.5em\u00a0\u00bb text_orientation=\u00a0\u00bbcenter\u00a0\u00bb custom_margin=\u00a0\u00bb15px||||false|false\u00a0\u00bb global_colors_info=\u00a0\u00bb{}\u00a0\u00bb]@ET-DC@eyJkeW5hbWljIjp0cnVlLCJjb250ZW50IjoicG9zdF90aXRsZSIsInNldHRpbmdzIjp7ImJlZm9yZSI6IiIsImFmdGVyIjoiIn19@[\/et_pb_text][\/et_pb_column][\/et_pb_row][\/et_pb_section][et_pb_section fb_built=\u00a0\u00bb1&Prime; _builder_version=\u00a0\u00bb4.16&Prime; _module_preset=\u00a0\u00bbdefault\u00a0\u00bb custom_margin=\u00a0\u00bb0px||0px||false|false\u00a0\u00bb custom_padding=\u00a0\u00bb0px||0px||false|false\u00a0\u00bb global_module=\u00a0\u00bb237594&Prime; saved_tabs=\u00a0\u00bball\u00a0\u00bb global_colors_info=\u00a0\u00bb{}\u00a0\u00bb][et_pb_row _builder_version=\u00a0\u00bb4.16&Prime; _dynamic_attributes=\u00a0\u00bbbackground_image\u00a0\u00bb _module_preset=\u00a0\u00bbdefault\u00a0\u00bb background_image=\u00a0\u00bb@ET-DC@eyJkeW5hbWljIjp0cnVlLCJjb250ZW50IjoicG9zdF9mZWF0dXJlZF9pbWFnZSIsInNldHRpbmdzIjp7fX0=@\u00a0\u00bb width=\u00a0\u00bb100%\u00a0\u00bb max_width=\u00a0\u00bb100%\u00a0\u00bb height=\u00a0\u00bb80vh\u00a0\u00bb global_colors_info=\u00a0\u00bb{}\u00a0\u00bb][et_pb_column type=\u00a0\u00bb4_4&Prime; _builder_version=\u00a0\u00bb4.16&Prime; _module_preset=\u00a0\u00bbdefault\u00a0\u00bb global_colors_info=\u00a0\u00bb{}\u00a0\u00bb][\/et_pb_column][\/et_pb_row][\/et_pb_section][et_pb_section fb_built=\u00a0\u00bb1&Prime; _builder_version=\u00a0\u00bb4.16&Prime; global_colors_info=\u00a0\u00bb{}\u00a0\u00bb][et_pb_row _builder_version=\u00a0\u00bb4.16&Prime; background_size=\u00a0\u00bbinitial\u00a0\u00bb background_position=\u00a0\u00bbtop_left\u00a0\u00bb background_repeat=\u00a0\u00bbrepeat\u00a0\u00bb width=\u00a0\u00bb60%\u00a0\u00bb width_tablet=\u00a0\u00bb80%\u00a0\u00bb width_phone=\u00a0\u00bb80%\u00a0\u00bb width_last_edited=\u00a0\u00bbon|desktop\u00a0\u00bb max_width=\u00a0\u00bb780px\u00a0\u00bb custom_margin=\u00a0\u00bb0px||||false|false\u00a0\u00bb custom_padding=\u00a0\u00bb0px||||false|false\u00a0\u00bb global_colors_info=\u00a0\u00bb{}\u00a0\u00bb][et_pb_column type=\u00a0\u00bb4_4&Prime; _builder_version=\u00a0\u00bb4.16&Prime; custom_padding=\u00a0\u00bb|||\u00a0\u00bb global_colors_info=\u00a0\u00bb{}\u00a0\u00bb custom_padding__hover=\u00a0\u00bb|||\u00a0\u00bb][et_pb_text _builder_version=\u00a0\u00bb4.16&Prime; background_size=\u00a0\u00bbinitial\u00a0\u00bb background_position=\u00a0\u00bbtop_left\u00a0\u00bb background_repeat=\u00a0\u00bbrepeat\u00a0\u00bb hover_enabled=\u00a0\u00bb0&Prime; global_colors_info=\u00a0\u00bb{}\u00a0\u00bb sticky_enabled=\u00a0\u00bb0&Prime;]<\/p>\n<p>In these months we have witnessed more and more an increase in home working, for the obvious reasons related to this particular historical moment.<\/p>\n<p>Companies have had to rush to reorganize their way of working, creating or implementing new tools, especially IT tools (sharing platforms, interaction modes, etc.), to create an ideal environment in which to work in the<span>\u00a0<\/span><strong>home office.<\/strong><\/p>\n<p>As already pointed out other times, regardless of the particular moment we are living, in which we are almost \u201cforced\u201d to use remote working, we think that working from home must be regulated and carried out according to a precise plan, which provides for a<span>\u00a0<\/span><strong>total reorganization of the company<\/strong><span>\u00a0<\/span>(even at leadership levels) and an<span>\u00a0<\/span><strong>alternation office\/home<\/strong>, so as not to affect too much peer-to-peer and top-down relationships, as well as the social aspect of the work, which is also important for the professional development of the individual and the company itself: this is the real<span>\u00a0<\/span><strong>smart working<\/strong>.<\/p>\n<p>So how to do it now, in this emergency period?<\/p>\n<p>It is clear that those who work from home must have all the tools to avoid creating in the worker<span>\u00a0<\/span><strong>technostress<\/strong><span>\u00a0<\/span>related to the misuse or lack of IT tools, thus creating a waste of time and, consequently, stress linked, for example, to late deliveries.<\/p>\n<p>Once the IT aspect it solved, however, it is important that the worker is also in a<span>\u00a0<\/span><strong>comfortable situation<\/strong>, which repropose the<span>\u00a0<\/span><strong>comfort<\/strong><span>\u00a0<\/span>created with so much effort in the<span>\u00a0<\/span><strong>workplace<\/strong>, to avoid causing physical problems (such as, for example, skeletal muscle due to incorrect posture).<\/p>\n<p>We recommend, therefore, the use of a<span>\u00a0<\/span><strong>\u201cbasic\u201d equipment of the home office workstation: desk<\/strong><span>\u00a0<\/span>(better if it can be raised in height),<span>\u00a0<\/span><strong>ergonomic seat, pedestal<\/strong><span>\u00a0<\/span>or suitable storage system, small<span>\u00a0<\/span><strong>ergonomic accessories<\/strong><span>\u00a0<\/span>(such as, for example, footrest, table lamps, monitor holder, etc. \u2026).<\/p>\n<p>In addition, we have a<span>\u00a0<\/span><strong>CUSTOMISED offer<\/strong><span>\u00a0<\/span>for companies that want to offer their employees the products of our production, with<span>\u00a0<\/span><strong>extra discounts<\/strong><span>\u00a0<\/span>to use in our showrooms or online store:<span>\u00a0<\/span><strong>CONTACT US FOR INFORMATION<\/strong>, writing to: <a href=\"mailto:b.boano@cuf.it\">b.boano@cuf.it<\/a> \u2013 Mrs Barbara Boano.<\/p>\n<p>[\/et_pb_text][et_pb_image src=\u00a0\u00bbhttps:\/\/www.cufmilano.com\/wp-content\/uploads\/2020\/11\/homeoffice4_2-1.jpg\u00a0\u00bb title_text=\u00a0\u00bbhomeoffice4_2&Prime; align=\u00a0\u00bbcenter\u00a0\u00bb _builder_version=\u00a0\u00bb4.16&Prime; _module_preset=\u00a0\u00bbdefault\u00a0\u00bb custom_margin=\u00a0\u00bb25px||||false|false\u00a0\u00bb hover_enabled=\u00a0\u00bb0&Prime; global_colors_info=\u00a0\u00bb{}\u00a0\u00bb sticky_enabled=\u00a0\u00bb0&Prime;][\/et_pb_image][\/et_pb_column][\/et_pb_row][\/et_pb_section]<\/p>\n","protected":false},"excerpt":{"rendered":"<p>In these months we have witnessed more and more an increase in home working, for the obvious reasons related to this particular historical moment. Companies have had to rush to&#8230;<\/p>\n","protected":false},"author":1,"featured_media":253543,"comment_status":"closed","ping_status":"open","sticky":false,"template":"","format":"standard","meta":{"_et_pb_use_builder":"on","_et_pb_old_content":"In questi giorni stiamo tutti aspettando con impazienza il momento in cui le attivit\u00e0 potranno essere riprese.\r\nQuando succeder\u00e0, sar\u00e0 necessario effettuare una serie di accorgimenti perch\u00e9 gli ambienti di lavoro siano pi\u00f9 sicuri, alla luce delle nuove disposizioni e dei protocolli sanitari. Centrufficio arreda uffici da oltre 30 anni: conosciamo le peculiarit\u00e0 di confezionare spazi che siano accoglienti, sicuri, ed efficienti, perch\u00e9 destinati ad ospitare persone per molte ore della loro giornata.\r\nAbbiamo pertanto approntato un DECALOGO contenente dei consigli su come predisporre gli uffici alla riapertura, che condividiamo con voi in questi (si spera ultimi) giorni di quarantena.","_et_gb_content_width":"","footnotes":""},"categories":[81,1],"tags":[],"class_list":["post-259508","post","type-post","status-publish","format-standard","has-post-thumbnail","hentry","category-news","category-non-categorizzato"],"yoast_head":"<!-- This site is optimized with the Yoast SEO plugin v27.4 - https:\/\/yoast.com\/product\/yoast-seo-wordpress\/ -->\n<title>HOME OFFICE: how to do it - CUF Milano | Furnishing and Design Office Furniture<\/title>\n<meta name=\"robots\" content=\"index, follow, max-snippet:-1, max-image-preview:large, max-video-preview:-1\" \/>\n<link rel=\"canonical\" href=\"https:\/\/www.cufmilano.com\/fr\/home-office-how-to-do-it\/\" \/>\n<meta property=\"og:locale\" content=\"fr_FR\" \/>\n<meta property=\"og:type\" content=\"article\" \/>\n<meta property=\"og:title\" content=\"HOME OFFICE: how to do it - CUF Milano | Furnishing and Design Office Furniture\" \/>\n<meta property=\"og:description\" content=\"In these months we have witnessed more and more an increase in home working, for the obvious reasons related to this particular historical moment. Companies have had to rush to...\" \/>\n<meta property=\"og:url\" content=\"https:\/\/www.cufmilano.com\/fr\/home-office-how-to-do-it\/\" \/>\n<meta property=\"og:site_name\" content=\"CUF Milano | Furnishing and Design Office Furniture\" \/>\n<meta property=\"article:published_time\" content=\"2020-11-09T10:45:10+00:00\" \/>\n<meta property=\"article:modified_time\" content=\"2022-10-24T13:10:52+00:00\" \/>\n<meta property=\"og:image\" content=\"https:\/\/www.cufmilano.com\/wp-content\/uploads\/2020\/11\/smart-working-1.jpg\" \/>\n\t<meta property=\"og:image:width\" content=\"2000\" \/>\n\t<meta property=\"og:image:height\" content=\"1000\" \/>\n\t<meta property=\"og:image:type\" content=\"image\/jpeg\" \/>\n<meta name=\"author\" content=\"comelli@spaziocreativo.eu\" \/>\n<meta name=\"twitter:card\" content=\"summary_large_image\" \/>\n<meta name=\"twitter:label1\" content=\"\u00c9crit par\" \/>\n\t<meta name=\"twitter:data1\" content=\"comelli@spaziocreativo.eu\" \/>\n\t<meta name=\"twitter:label2\" content=\"Dur\u00e9e de lecture estim\u00e9e\" \/>\n\t<meta name=\"twitter:data2\" content=\"4 minutes\" \/>\n<script type=\"application\/ld+json\" class=\"yoast-schema-graph\">{\"@context\":\"https:\\\/\\\/schema.org\",\"@graph\":[{\"@type\":\"Article\",\"@id\":\"https:\\\/\\\/www.cufmilano.com\\\/fr\\\/home-office-how-to-do-it\\\/#article\",\"isPartOf\":{\"@id\":\"https:\\\/\\\/www.cufmilano.com\\\/fr\\\/home-office-how-to-do-it\\\/\"},\"author\":{\"name\":\"comelli@spaziocreativo.eu\",\"@id\":\"https:\\\/\\\/www.cufmilano.com\\\/fr\\\/#\\\/schema\\\/person\\\/4913e6122d74a666823955933b4fca74\"},\"headline\":\"HOME OFFICE: how to do it\",\"datePublished\":\"2020-11-09T10:45:10+00:00\",\"dateModified\":\"2022-10-24T13:10:52+00:00\",\"mainEntityOfPage\":{\"@id\":\"https:\\\/\\\/www.cufmilano.com\\\/fr\\\/home-office-how-to-do-it\\\/\"},\"wordCount\":820,\"image\":{\"@id\":\"https:\\\/\\\/www.cufmilano.com\\\/fr\\\/home-office-how-to-do-it\\\/#primaryimage\"},\"thumbnailUrl\":\"https:\\\/\\\/www.cufmilano.com\\\/wp-content\\\/uploads\\\/2020\\\/11\\\/smart-working-1.jpg\",\"articleSection\":[\"News\",\"Non categorizzato\"],\"inLanguage\":\"fr-FR\"},{\"@type\":\"WebPage\",\"@id\":\"https:\\\/\\\/www.cufmilano.com\\\/fr\\\/home-office-how-to-do-it\\\/\",\"url\":\"https:\\\/\\\/www.cufmilano.com\\\/fr\\\/home-office-how-to-do-it\\\/\",\"name\":\"HOME OFFICE: how to do it - CUF Milano | Furnishing and Design Office Furniture\",\"isPartOf\":{\"@id\":\"https:\\\/\\\/www.cufmilano.com\\\/fr\\\/#website\"},\"primaryImageOfPage\":{\"@id\":\"https:\\\/\\\/www.cufmilano.com\\\/fr\\\/home-office-how-to-do-it\\\/#primaryimage\"},\"image\":{\"@id\":\"https:\\\/\\\/www.cufmilano.com\\\/fr\\\/home-office-how-to-do-it\\\/#primaryimage\"},\"thumbnailUrl\":\"https:\\\/\\\/www.cufmilano.com\\\/wp-content\\\/uploads\\\/2020\\\/11\\\/smart-working-1.jpg\",\"datePublished\":\"2020-11-09T10:45:10+00:00\",\"dateModified\":\"2022-10-24T13:10:52+00:00\",\"author\":{\"@id\":\"https:\\\/\\\/www.cufmilano.com\\\/fr\\\/#\\\/schema\\\/person\\\/4913e6122d74a666823955933b4fca74\"},\"breadcrumb\":{\"@id\":\"https:\\\/\\\/www.cufmilano.com\\\/fr\\\/home-office-how-to-do-it\\\/#breadcrumb\"},\"inLanguage\":\"fr-FR\",\"potentialAction\":[{\"@type\":\"ReadAction\",\"target\":[\"https:\\\/\\\/www.cufmilano.com\\\/fr\\\/home-office-how-to-do-it\\\/\"]}]},{\"@type\":\"ImageObject\",\"inLanguage\":\"fr-FR\",\"@id\":\"https:\\\/\\\/www.cufmilano.com\\\/fr\\\/home-office-how-to-do-it\\\/#primaryimage\",\"url\":\"https:\\\/\\\/www.cufmilano.com\\\/wp-content\\\/uploads\\\/2020\\\/11\\\/smart-working-1.jpg\",\"contentUrl\":\"https:\\\/\\\/www.cufmilano.com\\\/wp-content\\\/uploads\\\/2020\\\/11\\\/smart-working-1.jpg\",\"width\":2000,\"height\":1000},{\"@type\":\"BreadcrumbList\",\"@id\":\"https:\\\/\\\/www.cufmilano.com\\\/fr\\\/home-office-how-to-do-it\\\/#breadcrumb\",\"itemListElement\":[{\"@type\":\"ListItem\",\"position\":1,\"name\":\"Home\",\"item\":\"https:\\\/\\\/www.cufmilano.com\\\/fr\\\/\"},{\"@type\":\"ListItem\",\"position\":2,\"name\":\"HOME OFFICE: how to do it\"}]},{\"@type\":\"WebSite\",\"@id\":\"https:\\\/\\\/www.cufmilano.com\\\/fr\\\/#website\",\"url\":\"https:\\\/\\\/www.cufmilano.com\\\/fr\\\/\",\"name\":\"CUF Milano | Furnishing and Design Office Furniture\",\"description\":\"CUF Milano is specialized in the sale and production of design office furniture, chairs, armchairs, cabinets and partitions.\",\"potentialAction\":[{\"@type\":\"SearchAction\",\"target\":{\"@type\":\"EntryPoint\",\"urlTemplate\":\"https:\\\/\\\/www.cufmilano.com\\\/fr\\\/?s={search_term_string}\"},\"query-input\":{\"@type\":\"PropertyValueSpecification\",\"valueRequired\":true,\"valueName\":\"search_term_string\"}}],\"inLanguage\":\"fr-FR\"},{\"@type\":\"Person\",\"@id\":\"https:\\\/\\\/www.cufmilano.com\\\/fr\\\/#\\\/schema\\\/person\\\/4913e6122d74a666823955933b4fca74\",\"name\":\"comelli@spaziocreativo.eu\",\"image\":{\"@type\":\"ImageObject\",\"inLanguage\":\"fr-FR\",\"@id\":\"https:\\\/\\\/secure.gravatar.com\\\/avatar\\\/8dc737126187d0b631daae79c646c3e103c14bde7beb3e40357898151c8b0226?s=96&d=mm&r=g\",\"url\":\"https:\\\/\\\/secure.gravatar.com\\\/avatar\\\/8dc737126187d0b631daae79c646c3e103c14bde7beb3e40357898151c8b0226?s=96&d=mm&r=g\",\"contentUrl\":\"https:\\\/\\\/secure.gravatar.com\\\/avatar\\\/8dc737126187d0b631daae79c646c3e103c14bde7beb3e40357898151c8b0226?s=96&d=mm&r=g\",\"caption\":\"comelli@spaziocreativo.eu\"},\"sameAs\":[\"http:\\\/\\\/www.cufmilano.com\"],\"url\":\"https:\\\/\\\/www.cufmilano.com\\\/fr\\\/author\\\/comellispaziocreativo-eu\\\/\"}]}<\/script>\n<!-- \/ Yoast SEO plugin. -->","yoast_head_json":{"title":"HOME OFFICE: how to do it - CUF Milano | Furnishing and Design Office Furniture","robots":{"index":"index","follow":"follow","max-snippet":"max-snippet:-1","max-image-preview":"max-image-preview:large","max-video-preview":"max-video-preview:-1"},"canonical":"https:\/\/www.cufmilano.com\/fr\/home-office-how-to-do-it\/","og_locale":"fr_FR","og_type":"article","og_title":"HOME OFFICE: how to do it - CUF Milano | Furnishing and Design Office Furniture","og_description":"In these months we have witnessed more and more an increase in home working, for the obvious reasons related to this particular historical moment. Companies have had to rush to...","og_url":"https:\/\/www.cufmilano.com\/fr\/home-office-how-to-do-it\/","og_site_name":"CUF Milano | Furnishing and Design Office Furniture","article_published_time":"2020-11-09T10:45:10+00:00","article_modified_time":"2022-10-24T13:10:52+00:00","og_image":[{"width":2000,"height":1000,"url":"https:\/\/www.cufmilano.com\/wp-content\/uploads\/2020\/11\/smart-working-1.jpg","type":"image\/jpeg"}],"author":"comelli@spaziocreativo.eu","twitter_card":"summary_large_image","twitter_misc":{"\u00c9crit par":"comelli@spaziocreativo.eu","Dur\u00e9e de lecture estim\u00e9e":"4 minutes"},"schema":{"@context":"https:\/\/schema.org","@graph":[{"@type":"Article","@id":"https:\/\/www.cufmilano.com\/fr\/home-office-how-to-do-it\/#article","isPartOf":{"@id":"https:\/\/www.cufmilano.com\/fr\/home-office-how-to-do-it\/"},"author":{"name":"comelli@spaziocreativo.eu","@id":"https:\/\/www.cufmilano.com\/fr\/#\/schema\/person\/4913e6122d74a666823955933b4fca74"},"headline":"HOME OFFICE: how to do it","datePublished":"2020-11-09T10:45:10+00:00","dateModified":"2022-10-24T13:10:52+00:00","mainEntityOfPage":{"@id":"https:\/\/www.cufmilano.com\/fr\/home-office-how-to-do-it\/"},"wordCount":820,"image":{"@id":"https:\/\/www.cufmilano.com\/fr\/home-office-how-to-do-it\/#primaryimage"},"thumbnailUrl":"https:\/\/www.cufmilano.com\/wp-content\/uploads\/2020\/11\/smart-working-1.jpg","articleSection":["News","Non categorizzato"],"inLanguage":"fr-FR"},{"@type":"WebPage","@id":"https:\/\/www.cufmilano.com\/fr\/home-office-how-to-do-it\/","url":"https:\/\/www.cufmilano.com\/fr\/home-office-how-to-do-it\/","name":"HOME OFFICE: how to do it - CUF Milano | Furnishing and Design Office Furniture","isPartOf":{"@id":"https:\/\/www.cufmilano.com\/fr\/#website"},"primaryImageOfPage":{"@id":"https:\/\/www.cufmilano.com\/fr\/home-office-how-to-do-it\/#primaryimage"},"image":{"@id":"https:\/\/www.cufmilano.com\/fr\/home-office-how-to-do-it\/#primaryimage"},"thumbnailUrl":"https:\/\/www.cufmilano.com\/wp-content\/uploads\/2020\/11\/smart-working-1.jpg","datePublished":"2020-11-09T10:45:10+00:00","dateModified":"2022-10-24T13:10:52+00:00","author":{"@id":"https:\/\/www.cufmilano.com\/fr\/#\/schema\/person\/4913e6122d74a666823955933b4fca74"},"breadcrumb":{"@id":"https:\/\/www.cufmilano.com\/fr\/home-office-how-to-do-it\/#breadcrumb"},"inLanguage":"fr-FR","potentialAction":[{"@type":"ReadAction","target":["https:\/\/www.cufmilano.com\/fr\/home-office-how-to-do-it\/"]}]},{"@type":"ImageObject","inLanguage":"fr-FR","@id":"https:\/\/www.cufmilano.com\/fr\/home-office-how-to-do-it\/#primaryimage","url":"https:\/\/www.cufmilano.com\/wp-content\/uploads\/2020\/11\/smart-working-1.jpg","contentUrl":"https:\/\/www.cufmilano.com\/wp-content\/uploads\/2020\/11\/smart-working-1.jpg","width":2000,"height":1000},{"@type":"BreadcrumbList","@id":"https:\/\/www.cufmilano.com\/fr\/home-office-how-to-do-it\/#breadcrumb","itemListElement":[{"@type":"ListItem","position":1,"name":"Home","item":"https:\/\/www.cufmilano.com\/fr\/"},{"@type":"ListItem","position":2,"name":"HOME OFFICE: how to do it"}]},{"@type":"WebSite","@id":"https:\/\/www.cufmilano.com\/fr\/#website","url":"https:\/\/www.cufmilano.com\/fr\/","name":"CUF Milano | Furnishing and Design Office Furniture","description":"CUF Milano is specialized in the sale and production of design office furniture, chairs, armchairs, cabinets and partitions.","potentialAction":[{"@type":"SearchAction","target":{"@type":"EntryPoint","urlTemplate":"https:\/\/www.cufmilano.com\/fr\/?s={search_term_string}"},"query-input":{"@type":"PropertyValueSpecification","valueRequired":true,"valueName":"search_term_string"}}],"inLanguage":"fr-FR"},{"@type":"Person","@id":"https:\/\/www.cufmilano.com\/fr\/#\/schema\/person\/4913e6122d74a666823955933b4fca74","name":"comelli@spaziocreativo.eu","image":{"@type":"ImageObject","inLanguage":"fr-FR","@id":"https:\/\/secure.gravatar.com\/avatar\/8dc737126187d0b631daae79c646c3e103c14bde7beb3e40357898151c8b0226?s=96&d=mm&r=g","url":"https:\/\/secure.gravatar.com\/avatar\/8dc737126187d0b631daae79c646c3e103c14bde7beb3e40357898151c8b0226?s=96&d=mm&r=g","contentUrl":"https:\/\/secure.gravatar.com\/avatar\/8dc737126187d0b631daae79c646c3e103c14bde7beb3e40357898151c8b0226?s=96&d=mm&r=g","caption":"comelli@spaziocreativo.eu"},"sameAs":["https:\/\/www.cufmilano.com"],"url":"https:\/\/www.cufmilano.com\/fr\/author\/comellispaziocreativo-eu\/"}]}},"_links":{"self":[{"href":"https:\/\/www.cufmilano.com\/fr\/wp-json\/wp\/v2\/posts\/259508","targetHints":{"allow":["GET"]}}],"collection":[{"href":"https:\/\/www.cufmilano.com\/fr\/wp-json\/wp\/v2\/posts"}],"about":[{"href":"https:\/\/www.cufmilano.com\/fr\/wp-json\/wp\/v2\/types\/post"}],"author":[{"embeddable":true,"href":"https:\/\/www.cufmilano.com\/fr\/wp-json\/wp\/v2\/users\/1"}],"replies":[{"embeddable":true,"href":"https:\/\/www.cufmilano.com\/fr\/wp-json\/wp\/v2\/comments?post=259508"}],"version-history":[{"count":0,"href":"https:\/\/www.cufmilano.com\/fr\/wp-json\/wp\/v2\/posts\/259508\/revisions"}],"wp:featuredmedia":[{"embeddable":true,"href":"https:\/\/www.cufmilano.com\/fr\/wp-json\/wp\/v2\/media\/253543"}],"wp:attachment":[{"href":"https:\/\/www.cufmilano.com\/fr\/wp-json\/wp\/v2\/media?parent=259508"}],"wp:term":[{"taxonomy":"category","embeddable":true,"href":"https:\/\/www.cufmilano.com\/fr\/wp-json\/wp\/v2\/categories?post=259508"},{"taxonomy":"post_tag","embeddable":true,"href":"https:\/\/www.cufmilano.com\/fr\/wp-json\/wp\/v2\/tags?post=259508"}],"curies":[{"name":"wp","href":"https:\/\/api.w.org\/{rel}","templated":true}]}}