{"id":260446,"date":"2023-01-05T19:32:20","date_gmt":"2023-01-05T18:32:20","guid":{"rendered":"https:\/\/www.cufmilano.com\/?p=260446"},"modified":"2023-01-07T20:26:15","modified_gmt":"2023-01-07T19:26:15","slug":"prix-du-design-archiproduct-pour-la-collection-fusion-outdoor","status":"publish","type":"post","link":"https:\/\/www.cufmilano.com\/fr\/prix-du-design-archiproduct-pour-la-collection-fusion-outdoor\/","title":{"rendered":"Prix du design Archiproduct pour la Collection Fusion outdoor"},"content":{"rendered":"<p>[et_pb_section fb_built=\u00a0\u00bb1&Prime; admin_label=\u00a0\u00bbFR header\u00a0\u00bb _builder_version=\u00a0\u00bb4.16&Prime; width=\u00a0\u00bb100%\u00a0\u00bb max_width=\u00a0\u00bb100%\u00a0\u00bb custom_padding=\u00a0\u00bb0px||40px||false|false\u00a0\u00bb global_module=\u00a0\u00bb237589&Prime; saved_tabs=\u00a0\u00bball\u00a0\u00bb global_colors_info=\u00a0\u00bb{}\u00a0\u00bb][et_pb_row admin_label=\u00a0\u00bbFR Ligne\u00a0\u00bb _builder_version=\u00a0\u00bb4.16&Prime; background_size=\u00a0\u00bbinitial\u00a0\u00bb background_position=\u00a0\u00bbtop_left\u00a0\u00bb background_repeat=\u00a0\u00bbrepeat\u00a0\u00bb custom_margin=\u00a0\u00bb0px||0px||false|false\u00a0\u00bb global_colors_info=\u00a0\u00bb{}\u00a0\u00bb][et_pb_column type=\u00a0\u00bb4_4&Prime; _builder_version=\u00a0\u00bb4.16&Prime; custom_padding=\u00a0\u00bb|||\u00a0\u00bb global_colors_info=\u00a0\u00bb{}\u00a0\u00bb custom_padding__hover=\u00a0\u00bb|||\u00a0\u00bb][et_pb_text admin_label=\u00a0\u00bbFR Torna\u00a0\u00bb module_class=\u00a0\u00bbtorna-news\u00a0\u00bb _builder_version=\u00a0\u00bb4.16&Prime; text_font_size=\u00a0\u00bb15px\u00a0\u00bb text_line_height=\u00a0\u00bb1em\u00a0\u00bb background_size=\u00a0\u00bbinitial\u00a0\u00bb background_position=\u00a0\u00bbtop_left\u00a0\u00bb background_repeat=\u00a0\u00bbrepeat\u00a0\u00bb custom_margin=\u00a0\u00bb0px||15px||false|false\u00a0\u00bb custom_padding=\u00a0\u00bb0px||||false|false\u00a0\u00bb global_colors_info=\u00a0\u00bb{}\u00a0\u00bb]<a href=\"\/news\/\">&lt; tutte le news<\/a>[\/et_pb_text][et_pb_text admin_label=\u00a0\u00bbFR Data\u00a0\u00bb _builder_version=\u00a0\u00bb4.16&Prime; _dynamic_attributes=\u00a0\u00bbcontent\u00a0\u00bb text_font_size=\u00a0\u00bb19px\u00a0\u00bb text_line_height=\u00a0\u00bb1em\u00a0\u00bb background_size=\u00a0\u00bbinitial\u00a0\u00bb background_position=\u00a0\u00bbtop_left\u00a0\u00bb background_repeat=\u00a0\u00bbrepeat\u00a0\u00bb text_orientation=\u00a0\u00bbcenter\u00a0\u00bb custom_margin=\u00a0\u00bb||15px||false|false\u00a0\u00bb custom_padding=\u00a0\u00bb20px||||false|false\u00a0\u00bb global_colors_info=\u00a0\u00bb{}\u00a0\u00bb]@ET-DC@eyJkeW5hbWljIjp0cnVlLCJjb250ZW50IjoicG9zdF9kYXRlIiwic2V0dGluZ3MiOnsiYmVmb3JlIjoiIiwiYWZ0ZXIiOiIiLCJkYXRlX2Zvcm1hdCI6ImogTSwgWSIsImN1c3RvbV9kYXRlX2Zvcm1hdCI6IiJ9fQ==@[\/et_pb_text][et_pb_text admin_label=\u00a0\u00bbFR Titolo\u00a0\u00bb _builder_version=\u00a0\u00bb4.16&Prime; _dynamic_attributes=\u00a0\u00bbcontent\u00a0\u00bb _module_preset=\u00a0\u00bbdefault\u00a0\u00bb text_font=\u00a0\u00bb|600||on|||||\u00a0\u00bb text_font_size=\u00a0\u00bb26px\u00a0\u00bb text_line_height=\u00a0\u00bb1.5em\u00a0\u00bb text_orientation=\u00a0\u00bbcenter\u00a0\u00bb custom_margin=\u00a0\u00bb15px||||false|false\u00a0\u00bb global_colors_info=\u00a0\u00bb{}\u00a0\u00bb]@ET-DC@eyJkeW5hbWljIjp0cnVlLCJjb250ZW50IjoicG9zdF90aXRsZSIsInNldHRpbmdzIjp7ImJlZm9yZSI6IiIsImFmdGVyIjoiIn19@[\/et_pb_text][\/et_pb_column][\/et_pb_row][\/et_pb_section][et_pb_section fb_built=\u00a0\u00bb1&Prime; _builder_version=\u00a0\u00bb4.16&Prime; _module_preset=\u00a0\u00bbdefault\u00a0\u00bb custom_margin=\u00a0\u00bb0px||0px||false|false\u00a0\u00bb custom_padding=\u00a0\u00bb0px||0px||false|false\u00a0\u00bb global_module=\u00a0\u00bb237594&Prime; saved_tabs=\u00a0\u00bball\u00a0\u00bb global_colors_info=\u00a0\u00bb{}\u00a0\u00bb][et_pb_row admin_label=\u00a0\u00bbFR Ligne\u00a0\u00bb _builder_version=\u00a0\u00bb4.16&Prime; _dynamic_attributes=\u00a0\u00bbbackground_image\u00a0\u00bb _module_preset=\u00a0\u00bbdefault\u00a0\u00bb background_image=\u00a0\u00bb@ET-DC@eyJkeW5hbWljIjp0cnVlLCJjb250ZW50IjoicG9zdF9mZWF0dXJlZF9pbWFnZSIsInNldHRpbmdzIjp7fX0=@\u00a0\u00bb width=\u00a0\u00bb100%\u00a0\u00bb max_width=\u00a0\u00bb100%\u00a0\u00bb height=\u00a0\u00bb80vh\u00a0\u00bb global_colors_info=\u00a0\u00bb{}\u00a0\u00bb][et_pb_column type=\u00a0\u00bb4_4&Prime; _builder_version=\u00a0\u00bb4.16&Prime; _module_preset=\u00a0\u00bbdefault\u00a0\u00bb global_colors_info=\u00a0\u00bb{}\u00a0\u00bb][\/et_pb_column][\/et_pb_row][\/et_pb_section][et_pb_section fb_built=\u00a0\u00bb1&Prime; _builder_version=\u00a0\u00bb4.16&Prime; global_colors_info=\u00a0\u00bb{}\u00a0\u00bb][et_pb_row _builder_version=\u00a0\u00bb4.16&Prime; background_size=\u00a0\u00bbinitial\u00a0\u00bb background_position=\u00a0\u00bbtop_left\u00a0\u00bb background_repeat=\u00a0\u00bbrepeat\u00a0\u00bb width=\u00a0\u00bb60%\u00a0\u00bb width_tablet=\u00a0\u00bb80%\u00a0\u00bb width_phone=\u00a0\u00bb80%\u00a0\u00bb width_last_edited=\u00a0\u00bbon|desktop\u00a0\u00bb max_width=\u00a0\u00bb780px\u00a0\u00bb custom_margin=\u00a0\u00bb0px||||false|false\u00a0\u00bb custom_padding=\u00a0\u00bb0px||||false|false\u00a0\u00bb global_colors_info=\u00a0\u00bb{}\u00a0\u00bb][et_pb_column type=\u00a0\u00bb4_4&Prime; _builder_version=\u00a0\u00bb4.16&Prime; custom_padding=\u00a0\u00bb|||\u00a0\u00bb global_colors_info=\u00a0\u00bb{}\u00a0\u00bb custom_padding__hover=\u00a0\u00bb|||\u00a0\u00bb][et_pb_text admin_label=\u00a0\u00bbTesto\u00a0\u00bb _builder_version=\u00a0\u00bb4.19.3&Prime; background_size=\u00a0\u00bbinitial\u00a0\u00bb background_position=\u00a0\u00bbtop_left\u00a0\u00bb background_repeat=\u00a0\u00bbrepeat\u00a0\u00bb hover_enabled=\u00a0\u00bb0&Prime; global_colors_info=\u00a0\u00bb{}\u00a0\u00bb sticky_enabled=\u00a0\u00bb0&Prime;]<\/p>\n<p><img loading=\"lazy\" decoding=\"async\" class=\"wp-image-260288 size-medium aligncenter\" src=\"https:\/\/www.cufmilano.com\/wp-content\/uploads\/2022\/05\/archiproduct-winner-2022-nero-249x300.png\" alt=\"\" width=\"249\" height=\"300\" srcset=\"https:\/\/www.cufmilano.com\/wp-content\/uploads\/2022\/05\/archiproduct-winner-2022-nero-249x300.png 249w, https:\/\/www.cufmilano.com\/wp-content\/uploads\/2022\/05\/archiproduct-winner-2022-nero.png 273w\" sizes=\"(max-width: 249px) 100vw, 249px\" \/><\/p>\n<p>La version ext\u00e9rieure de l&#8217;embl\u00e9matique Fusion, con\u00e7ue par John Bennett et Sakura Adachi, remporte \u00e9galement l\u2019attribution du prestigieux Prix<strong> Archiproduct Design Award 2022.<\/strong><br \/>La s\u00e9rie Fusion outdoor a \u00e9t\u00e9 officiellement pr\u00e9sent\u00e9e au Salon Orgatec de Cologne en octobre 2022 et se compose principalement de deux \u00e9l\u00e9ments : l&rsquo;auvent et les tables et chaises hautes.<br \/>L&rsquo;auvent est un kiosque \u00e0 la saveur japonaise, sous lequel il est possible de positionner jusqu&rsquo;\u00e0 quatre postes de travail, pouvant \u00e9galement \u00eatre utilis\u00e9 comme un espace multifonctionnel (zone de rafra\u00eechissement, espace convivial pour faire des pauses, zone de r\u00e9union).<br \/>La s\u00e9rie est agr\u00e9ablement compl\u00e9t\u00e9e par des bacs \u00e0 fleurs pouvant \u00eatre fix\u00e9s sur plusieurs points de la structure, facilitant l\u2019int\u00e9gration de ce mobilier \u00e0 son environnement (terrasses, jardins, patios).<br \/>Fusion outdoor est imm\u00e9diatement disponible et pr\u00eat \u00e0 \u00eatre livr\u00e9, <a href=\"https:\/\/www.cufmilano.com\/fr\/prodotto\/fusion-outdoor\/\" target=\"_blank\" rel=\"noopener\">cliquez ici pour plus d&rsquo;informations.<\/a><\/p>\n<p>[\/et_pb_text][et_pb_gallery gallery_ids=\u00a0\u00bb260458,260461,260455,260464,260467,260470,260473&Prime; fullwidth=\u00a0\u00bbon\u00a0\u00bb _builder_version=\u00a0\u00bb4.19.3&Prime; _module_preset=\u00a0\u00bbdefault\u00a0\u00bb pagination_text_color=\u00a0\u00bb#E02B20&Prime; global_colors_info=\u00a0\u00bb{}\u00a0\u00bb][\/et_pb_gallery][\/et_pb_column][\/et_pb_row][\/et_pb_section]<\/p>\n","protected":false},"excerpt":{"rendered":"<p>La version ext\u00e9rieure de l&#8217;embl\u00e9matique Fusion, con\u00e7ue par John Bennett et Sakura Adachi, remporte \u00e9galement l\u2019attribution du prestigieux Prix Archiproduct Design Award 2022.<br \/>\nLa s\u00e9rie Fusion outdoor a \u00e9t\u00e9 officiellement pr\u00e9sent\u00e9e au Salon Orgatec de Cologne en octobre 2022 et se compose principalement de deux \u00e9l\u00e9ments : l&rsquo;auvent et les tables et chaises hautes.<\/p>\n","protected":false},"author":6,"featured_media":260169,"comment_status":"closed","ping_status":"open","sticky":false,"template":"","format":"standard","meta":{"_et_pb_use_builder":"on","_et_pb_old_content":"In questi giorni stiamo tutti aspettando con impazienza il momento in cui le attivit\u00e0 potranno essere riprese.\r\nQuando succeder\u00e0, sar\u00e0 necessario effettuare una serie di accorgimenti perch\u00e9 gli ambienti di lavoro siano pi\u00f9 sicuri, alla luce delle nuove disposizioni e dei protocolli sanitari. Centrufficio arreda uffici da oltre 30 anni: conosciamo le peculiarit\u00e0 di confezionare spazi che siano accoglienti, sicuri, ed efficienti, perch\u00e9 destinati ad ospitare persone per molte ore della loro giornata.\r\nAbbiamo pertanto approntato un DECALOGO contenente dei consigli su come predisporre gli uffici alla riapertura, che condividiamo con voi in questi (si spera ultimi) giorni di quarantena.","_et_gb_content_width":"","footnotes":""},"categories":[198],"tags":[],"class_list":["post-260446","post","type-post","status-publish","format-standard","has-post-thumbnail","hentry","category-news-fr"],"yoast_head":"<!-- This site is optimized with the Yoast SEO plugin v27.4 - https:\/\/yoast.com\/product\/yoast-seo-wordpress\/ -->\n<title>Prix du design Archiproduct pour la Collection Fusion outdoor - CUF Milano | Furnishing and Design Office Furniture<\/title>\n<meta name=\"robots\" content=\"index, follow, max-snippet:-1, max-image-preview:large, max-video-preview:-1\" \/>\n<link rel=\"canonical\" href=\"https:\/\/www.cufmilano.com\/fr\/prix-du-design-archiproduct-pour-la-collection-fusion-outdoor\/\" \/>\n<meta property=\"og:locale\" content=\"fr_FR\" \/>\n<meta property=\"og:type\" content=\"article\" \/>\n<meta property=\"og:title\" content=\"Prix du design Archiproduct pour la Collection Fusion outdoor - CUF Milano | Furnishing and Design Office Furniture\" \/>\n<meta property=\"og:description\" content=\"La version ext\u00e9rieure de l&#039;embl\u00e9matique Fusion, con\u00e7ue par John Bennett et Sakura Adachi, remporte \u00e9galement l\u2019attribution du prestigieux Prix Archiproduct Design Award 2022. La s\u00e9rie Fusion outdoor a \u00e9t\u00e9 officiellement pr\u00e9sent\u00e9e au Salon Orgatec de Cologne en octobre 2022 et se compose principalement de deux \u00e9l\u00e9ments : l&#039;auvent et les tables et chaises hautes.\" \/>\n<meta property=\"og:url\" content=\"https:\/\/www.cufmilano.com\/fr\/prix-du-design-archiproduct-pour-la-collection-fusion-outdoor\/\" \/>\n<meta property=\"og:site_name\" content=\"CUF Milano | Furnishing and Design Office Furniture\" \/>\n<meta property=\"article:published_time\" content=\"2023-01-05T18:32:20+00:00\" \/>\n<meta property=\"article:modified_time\" content=\"2023-01-07T19:26:15+00:00\" \/>\n<meta property=\"og:image\" content=\"https:\/\/www.cufmilano.com\/wp-content\/uploads\/2022\/05\/fusion-outdoor-banner-prodotto-cufmilano-ok.jpg\" \/>\n\t<meta property=\"og:image:width\" content=\"1920\" \/>\n\t<meta property=\"og:image:height\" content=\"640\" \/>\n\t<meta property=\"og:image:type\" content=\"image\/jpeg\" \/>\n<meta name=\"author\" content=\"rosy Natale\" \/>\n<meta name=\"twitter:card\" content=\"summary_large_image\" \/>\n<meta name=\"twitter:label1\" content=\"\u00c9crit par\" \/>\n\t<meta name=\"twitter:data1\" content=\"rosy Natale\" \/>\n\t<meta name=\"twitter:label2\" content=\"Dur\u00e9e de lecture estim\u00e9e\" \/>\n\t<meta name=\"twitter:data2\" content=\"2 minutes\" \/>\n<script type=\"application\/ld+json\" class=\"yoast-schema-graph\">{\"@context\":\"https:\\\/\\\/schema.org\",\"@graph\":[{\"@type\":\"Article\",\"@id\":\"https:\\\/\\\/www.cufmilano.com\\\/fr\\\/prix-du-design-archiproduct-pour-la-collection-fusion-outdoor\\\/#article\",\"isPartOf\":{\"@id\":\"https:\\\/\\\/www.cufmilano.com\\\/fr\\\/prix-du-design-archiproduct-pour-la-collection-fusion-outdoor\\\/\"},\"author\":{\"name\":\"rosy Natale\",\"@id\":\"https:\\\/\\\/www.cufmilano.com\\\/fr\\\/#\\\/schema\\\/person\\\/506b830ec72796fd208be3c751bf0cea\"},\"headline\":\"Prix du design Archiproduct pour la Collection Fusion outdoor\",\"datePublished\":\"2023-01-05T18:32:20+00:00\",\"dateModified\":\"2023-01-07T19:26:15+00:00\",\"mainEntityOfPage\":{\"@id\":\"https:\\\/\\\/www.cufmilano.com\\\/fr\\\/prix-du-design-archiproduct-pour-la-collection-fusion-outdoor\\\/\"},\"wordCount\":630,\"image\":{\"@id\":\"https:\\\/\\\/www.cufmilano.com\\\/fr\\\/prix-du-design-archiproduct-pour-la-collection-fusion-outdoor\\\/#primaryimage\"},\"thumbnailUrl\":\"https:\\\/\\\/www.cufmilano.com\\\/wp-content\\\/uploads\\\/2022\\\/05\\\/fusion-outdoor-banner-prodotto-cufmilano-ok.jpg\",\"articleSection\":[\"News\"],\"inLanguage\":\"fr-FR\"},{\"@type\":\"WebPage\",\"@id\":\"https:\\\/\\\/www.cufmilano.com\\\/fr\\\/prix-du-design-archiproduct-pour-la-collection-fusion-outdoor\\\/\",\"url\":\"https:\\\/\\\/www.cufmilano.com\\\/fr\\\/prix-du-design-archiproduct-pour-la-collection-fusion-outdoor\\\/\",\"name\":\"Prix du design Archiproduct pour la Collection Fusion outdoor - CUF Milano | Furnishing and Design Office Furniture\",\"isPartOf\":{\"@id\":\"https:\\\/\\\/www.cufmilano.com\\\/fr\\\/#website\"},\"primaryImageOfPage\":{\"@id\":\"https:\\\/\\\/www.cufmilano.com\\\/fr\\\/prix-du-design-archiproduct-pour-la-collection-fusion-outdoor\\\/#primaryimage\"},\"image\":{\"@id\":\"https:\\\/\\\/www.cufmilano.com\\\/fr\\\/prix-du-design-archiproduct-pour-la-collection-fusion-outdoor\\\/#primaryimage\"},\"thumbnailUrl\":\"https:\\\/\\\/www.cufmilano.com\\\/wp-content\\\/uploads\\\/2022\\\/05\\\/fusion-outdoor-banner-prodotto-cufmilano-ok.jpg\",\"datePublished\":\"2023-01-05T18:32:20+00:00\",\"dateModified\":\"2023-01-07T19:26:15+00:00\",\"author\":{\"@id\":\"https:\\\/\\\/www.cufmilano.com\\\/fr\\\/#\\\/schema\\\/person\\\/506b830ec72796fd208be3c751bf0cea\"},\"breadcrumb\":{\"@id\":\"https:\\\/\\\/www.cufmilano.com\\\/fr\\\/prix-du-design-archiproduct-pour-la-collection-fusion-outdoor\\\/#breadcrumb\"},\"inLanguage\":\"fr-FR\",\"potentialAction\":[{\"@type\":\"ReadAction\",\"target\":[\"https:\\\/\\\/www.cufmilano.com\\\/fr\\\/prix-du-design-archiproduct-pour-la-collection-fusion-outdoor\\\/\"]}]},{\"@type\":\"ImageObject\",\"inLanguage\":\"fr-FR\",\"@id\":\"https:\\\/\\\/www.cufmilano.com\\\/fr\\\/prix-du-design-archiproduct-pour-la-collection-fusion-outdoor\\\/#primaryimage\",\"url\":\"https:\\\/\\\/www.cufmilano.com\\\/wp-content\\\/uploads\\\/2022\\\/05\\\/fusion-outdoor-banner-prodotto-cufmilano-ok.jpg\",\"contentUrl\":\"https:\\\/\\\/www.cufmilano.com\\\/wp-content\\\/uploads\\\/2022\\\/05\\\/fusion-outdoor-banner-prodotto-cufmilano-ok.jpg\",\"width\":1920,\"height\":640},{\"@type\":\"BreadcrumbList\",\"@id\":\"https:\\\/\\\/www.cufmilano.com\\\/fr\\\/prix-du-design-archiproduct-pour-la-collection-fusion-outdoor\\\/#breadcrumb\",\"itemListElement\":[{\"@type\":\"ListItem\",\"position\":1,\"name\":\"Home\",\"item\":\"https:\\\/\\\/www.cufmilano.com\\\/fr\\\/\"},{\"@type\":\"ListItem\",\"position\":2,\"name\":\"Prix du design Archiproduct pour la Collection Fusion outdoor\"}]},{\"@type\":\"WebSite\",\"@id\":\"https:\\\/\\\/www.cufmilano.com\\\/fr\\\/#website\",\"url\":\"https:\\\/\\\/www.cufmilano.com\\\/fr\\\/\",\"name\":\"CUF Milano | Furnishing and Design Office Furniture\",\"description\":\"CUF Milano is specialized in the sale and production of design office furniture, chairs, armchairs, cabinets and partitions.\",\"potentialAction\":[{\"@type\":\"SearchAction\",\"target\":{\"@type\":\"EntryPoint\",\"urlTemplate\":\"https:\\\/\\\/www.cufmilano.com\\\/fr\\\/?s={search_term_string}\"},\"query-input\":{\"@type\":\"PropertyValueSpecification\",\"valueRequired\":true,\"valueName\":\"search_term_string\"}}],\"inLanguage\":\"fr-FR\"},{\"@type\":\"Person\",\"@id\":\"https:\\\/\\\/www.cufmilano.com\\\/fr\\\/#\\\/schema\\\/person\\\/506b830ec72796fd208be3c751bf0cea\",\"name\":\"rosy Natale\",\"image\":{\"@type\":\"ImageObject\",\"inLanguage\":\"fr-FR\",\"@id\":\"https:\\\/\\\/secure.gravatar.com\\\/avatar\\\/c53f27ff539d03e2565053aef53a6aae9c55d8ca6c0c2fd0700a38c18b37bdf6?s=96&d=mm&r=g\",\"url\":\"https:\\\/\\\/secure.gravatar.com\\\/avatar\\\/c53f27ff539d03e2565053aef53a6aae9c55d8ca6c0c2fd0700a38c18b37bdf6?s=96&d=mm&r=g\",\"contentUrl\":\"https:\\\/\\\/secure.gravatar.com\\\/avatar\\\/c53f27ff539d03e2565053aef53a6aae9c55d8ca6c0c2fd0700a38c18b37bdf6?s=96&d=mm&r=g\",\"caption\":\"rosy Natale\"},\"url\":\"https:\\\/\\\/www.cufmilano.com\\\/fr\\\/author\\\/rosy\\\/\"}]}<\/script>\n<!-- \/ Yoast SEO plugin. -->","yoast_head_json":{"title":"Prix du design Archiproduct pour la Collection Fusion outdoor - CUF Milano | Furnishing and Design Office Furniture","robots":{"index":"index","follow":"follow","max-snippet":"max-snippet:-1","max-image-preview":"max-image-preview:large","max-video-preview":"max-video-preview:-1"},"canonical":"https:\/\/www.cufmilano.com\/fr\/prix-du-design-archiproduct-pour-la-collection-fusion-outdoor\/","og_locale":"fr_FR","og_type":"article","og_title":"Prix du design Archiproduct pour la Collection Fusion outdoor - CUF Milano | Furnishing and Design Office Furniture","og_description":"La version ext\u00e9rieure de l'embl\u00e9matique Fusion, con\u00e7ue par John Bennett et Sakura Adachi, remporte \u00e9galement l\u2019attribution du prestigieux Prix Archiproduct Design Award 2022. La s\u00e9rie Fusion outdoor a \u00e9t\u00e9 officiellement pr\u00e9sent\u00e9e au Salon Orgatec de Cologne en octobre 2022 et se compose principalement de deux \u00e9l\u00e9ments : l'auvent et les tables et chaises hautes.","og_url":"https:\/\/www.cufmilano.com\/fr\/prix-du-design-archiproduct-pour-la-collection-fusion-outdoor\/","og_site_name":"CUF Milano | Furnishing and Design Office Furniture","article_published_time":"2023-01-05T18:32:20+00:00","article_modified_time":"2023-01-07T19:26:15+00:00","og_image":[{"width":1920,"height":640,"url":"https:\/\/www.cufmilano.com\/wp-content\/uploads\/2022\/05\/fusion-outdoor-banner-prodotto-cufmilano-ok.jpg","type":"image\/jpeg"}],"author":"rosy Natale","twitter_card":"summary_large_image","twitter_misc":{"\u00c9crit par":"rosy Natale","Dur\u00e9e de lecture estim\u00e9e":"2 minutes"},"schema":{"@context":"https:\/\/schema.org","@graph":[{"@type":"Article","@id":"https:\/\/www.cufmilano.com\/fr\/prix-du-design-archiproduct-pour-la-collection-fusion-outdoor\/#article","isPartOf":{"@id":"https:\/\/www.cufmilano.com\/fr\/prix-du-design-archiproduct-pour-la-collection-fusion-outdoor\/"},"author":{"name":"rosy Natale","@id":"https:\/\/www.cufmilano.com\/fr\/#\/schema\/person\/506b830ec72796fd208be3c751bf0cea"},"headline":"Prix du design Archiproduct pour la Collection Fusion outdoor","datePublished":"2023-01-05T18:32:20+00:00","dateModified":"2023-01-07T19:26:15+00:00","mainEntityOfPage":{"@id":"https:\/\/www.cufmilano.com\/fr\/prix-du-design-archiproduct-pour-la-collection-fusion-outdoor\/"},"wordCount":630,"image":{"@id":"https:\/\/www.cufmilano.com\/fr\/prix-du-design-archiproduct-pour-la-collection-fusion-outdoor\/#primaryimage"},"thumbnailUrl":"https:\/\/www.cufmilano.com\/wp-content\/uploads\/2022\/05\/fusion-outdoor-banner-prodotto-cufmilano-ok.jpg","articleSection":["News"],"inLanguage":"fr-FR"},{"@type":"WebPage","@id":"https:\/\/www.cufmilano.com\/fr\/prix-du-design-archiproduct-pour-la-collection-fusion-outdoor\/","url":"https:\/\/www.cufmilano.com\/fr\/prix-du-design-archiproduct-pour-la-collection-fusion-outdoor\/","name":"Prix du design Archiproduct pour la Collection Fusion outdoor - CUF Milano | Furnishing and Design Office Furniture","isPartOf":{"@id":"https:\/\/www.cufmilano.com\/fr\/#website"},"primaryImageOfPage":{"@id":"https:\/\/www.cufmilano.com\/fr\/prix-du-design-archiproduct-pour-la-collection-fusion-outdoor\/#primaryimage"},"image":{"@id":"https:\/\/www.cufmilano.com\/fr\/prix-du-design-archiproduct-pour-la-collection-fusion-outdoor\/#primaryimage"},"thumbnailUrl":"https:\/\/www.cufmilano.com\/wp-content\/uploads\/2022\/05\/fusion-outdoor-banner-prodotto-cufmilano-ok.jpg","datePublished":"2023-01-05T18:32:20+00:00","dateModified":"2023-01-07T19:26:15+00:00","author":{"@id":"https:\/\/www.cufmilano.com\/fr\/#\/schema\/person\/506b830ec72796fd208be3c751bf0cea"},"breadcrumb":{"@id":"https:\/\/www.cufmilano.com\/fr\/prix-du-design-archiproduct-pour-la-collection-fusion-outdoor\/#breadcrumb"},"inLanguage":"fr-FR","potentialAction":[{"@type":"ReadAction","target":["https:\/\/www.cufmilano.com\/fr\/prix-du-design-archiproduct-pour-la-collection-fusion-outdoor\/"]}]},{"@type":"ImageObject","inLanguage":"fr-FR","@id":"https:\/\/www.cufmilano.com\/fr\/prix-du-design-archiproduct-pour-la-collection-fusion-outdoor\/#primaryimage","url":"https:\/\/www.cufmilano.com\/wp-content\/uploads\/2022\/05\/fusion-outdoor-banner-prodotto-cufmilano-ok.jpg","contentUrl":"https:\/\/www.cufmilano.com\/wp-content\/uploads\/2022\/05\/fusion-outdoor-banner-prodotto-cufmilano-ok.jpg","width":1920,"height":640},{"@type":"BreadcrumbList","@id":"https:\/\/www.cufmilano.com\/fr\/prix-du-design-archiproduct-pour-la-collection-fusion-outdoor\/#breadcrumb","itemListElement":[{"@type":"ListItem","position":1,"name":"Home","item":"https:\/\/www.cufmilano.com\/fr\/"},{"@type":"ListItem","position":2,"name":"Prix du design Archiproduct pour la Collection Fusion outdoor"}]},{"@type":"WebSite","@id":"https:\/\/www.cufmilano.com\/fr\/#website","url":"https:\/\/www.cufmilano.com\/fr\/","name":"CUF Milano | Furnishing and Design Office Furniture","description":"CUF Milano is specialized in the sale and production of design office furniture, chairs, armchairs, cabinets and partitions.","potentialAction":[{"@type":"SearchAction","target":{"@type":"EntryPoint","urlTemplate":"https:\/\/www.cufmilano.com\/fr\/?s={search_term_string}"},"query-input":{"@type":"PropertyValueSpecification","valueRequired":true,"valueName":"search_term_string"}}],"inLanguage":"fr-FR"},{"@type":"Person","@id":"https:\/\/www.cufmilano.com\/fr\/#\/schema\/person\/506b830ec72796fd208be3c751bf0cea","name":"rosy Natale","image":{"@type":"ImageObject","inLanguage":"fr-FR","@id":"https:\/\/secure.gravatar.com\/avatar\/c53f27ff539d03e2565053aef53a6aae9c55d8ca6c0c2fd0700a38c18b37bdf6?s=96&d=mm&r=g","url":"https:\/\/secure.gravatar.com\/avatar\/c53f27ff539d03e2565053aef53a6aae9c55d8ca6c0c2fd0700a38c18b37bdf6?s=96&d=mm&r=g","contentUrl":"https:\/\/secure.gravatar.com\/avatar\/c53f27ff539d03e2565053aef53a6aae9c55d8ca6c0c2fd0700a38c18b37bdf6?s=96&d=mm&r=g","caption":"rosy Natale"},"url":"https:\/\/www.cufmilano.com\/fr\/author\/rosy\/"}]}},"_links":{"self":[{"href":"https:\/\/www.cufmilano.com\/fr\/wp-json\/wp\/v2\/posts\/260446","targetHints":{"allow":["GET"]}}],"collection":[{"href":"https:\/\/www.cufmilano.com\/fr\/wp-json\/wp\/v2\/posts"}],"about":[{"href":"https:\/\/www.cufmilano.com\/fr\/wp-json\/wp\/v2\/types\/post"}],"author":[{"embeddable":true,"href":"https:\/\/www.cufmilano.com\/fr\/wp-json\/wp\/v2\/users\/6"}],"replies":[{"embeddable":true,"href":"https:\/\/www.cufmilano.com\/fr\/wp-json\/wp\/v2\/comments?post=260446"}],"version-history":[{"count":0,"href":"https:\/\/www.cufmilano.com\/fr\/wp-json\/wp\/v2\/posts\/260446\/revisions"}],"wp:featuredmedia":[{"embeddable":true,"href":"https:\/\/www.cufmilano.com\/fr\/wp-json\/wp\/v2\/media\/260169"}],"wp:attachment":[{"href":"https:\/\/www.cufmilano.com\/fr\/wp-json\/wp\/v2\/media?parent=260446"}],"wp:term":[{"taxonomy":"category","embeddable":true,"href":"https:\/\/www.cufmilano.com\/fr\/wp-json\/wp\/v2\/categories?post=260446"},{"taxonomy":"post_tag","embeddable":true,"href":"https:\/\/www.cufmilano.com\/fr\/wp-json\/wp\/v2\/tags?post=260446"}],"curies":[{"name":"wp","href":"https:\/\/api.w.org\/{rel}","templated":true}]}}