{"id":260896,"date":"2023-01-31T18:09:37","date_gmt":"2023-01-31T17:09:37","guid":{"rendered":"https:\/\/www.cufmilano.com\/?p=260896"},"modified":"2023-01-31T18:26:40","modified_gmt":"2023-01-31T17:26:40","slug":"less-is-bold","status":"publish","type":"post","link":"https:\/\/www.cufmilano.com\/fr\/less-is-bold\/","title":{"rendered":"Less is &#8230; Bold!"},"content":{"rendered":"<p>[et_pb_section fb_built=\u00a0\u00bb1&Prime; admin_label=\u00a0\u00bbFR header\u00a0\u00bb _builder_version=\u00a0\u00bb4.16&Prime; width=\u00a0\u00bb100%\u00a0\u00bb max_width=\u00a0\u00bb100%\u00a0\u00bb custom_padding=\u00a0\u00bb0px||40px||false|false\u00a0\u00bb global_module=\u00a0\u00bb237589&Prime; saved_tabs=\u00a0\u00bball\u00a0\u00bb global_colors_info=\u00a0\u00bb{}\u00a0\u00bb][et_pb_row admin_label=\u00a0\u00bbFR Ligne\u00a0\u00bb _builder_version=\u00a0\u00bb4.16&Prime; background_size=\u00a0\u00bbinitial\u00a0\u00bb background_position=\u00a0\u00bbtop_left\u00a0\u00bb background_repeat=\u00a0\u00bbrepeat\u00a0\u00bb custom_margin=\u00a0\u00bb0px||0px||false|false\u00a0\u00bb global_colors_info=\u00a0\u00bb{}\u00a0\u00bb][et_pb_column type=\u00a0\u00bb4_4&Prime; _builder_version=\u00a0\u00bb4.16&Prime; custom_padding=\u00a0\u00bb|||\u00a0\u00bb global_colors_info=\u00a0\u00bb{}\u00a0\u00bb custom_padding__hover=\u00a0\u00bb|||\u00a0\u00bb][et_pb_text admin_label=\u00a0\u00bbFR Torna\u00a0\u00bb module_class=\u00a0\u00bbtorna-news\u00a0\u00bb _builder_version=\u00a0\u00bb4.16&Prime; text_font_size=\u00a0\u00bb15px\u00a0\u00bb text_line_height=\u00a0\u00bb1em\u00a0\u00bb background_size=\u00a0\u00bbinitial\u00a0\u00bb background_position=\u00a0\u00bbtop_left\u00a0\u00bb background_repeat=\u00a0\u00bbrepeat\u00a0\u00bb custom_margin=\u00a0\u00bb0px||15px||false|false\u00a0\u00bb custom_padding=\u00a0\u00bb0px||||false|false\u00a0\u00bb global_colors_info=\u00a0\u00bb{}\u00a0\u00bb]<a href=\"\/news\/\">&lt; tutte le news<\/a>[\/et_pb_text][et_pb_text admin_label=\u00a0\u00bbFR Data\u00a0\u00bb _builder_version=\u00a0\u00bb4.16&Prime; _dynamic_attributes=\u00a0\u00bbcontent\u00a0\u00bb text_font_size=\u00a0\u00bb19px\u00a0\u00bb text_line_height=\u00a0\u00bb1em\u00a0\u00bb background_size=\u00a0\u00bbinitial\u00a0\u00bb background_position=\u00a0\u00bbtop_left\u00a0\u00bb background_repeat=\u00a0\u00bbrepeat\u00a0\u00bb text_orientation=\u00a0\u00bbcenter\u00a0\u00bb custom_margin=\u00a0\u00bb||15px||false|false\u00a0\u00bb custom_padding=\u00a0\u00bb20px||||false|false\u00a0\u00bb global_colors_info=\u00a0\u00bb{}\u00a0\u00bb]@ET-DC@eyJkeW5hbWljIjp0cnVlLCJjb250ZW50IjoicG9zdF9kYXRlIiwic2V0dGluZ3MiOnsiYmVmb3JlIjoiIiwiYWZ0ZXIiOiIiLCJkYXRlX2Zvcm1hdCI6ImogTSwgWSIsImN1c3RvbV9kYXRlX2Zvcm1hdCI6IiJ9fQ==@[\/et_pb_text][et_pb_text admin_label=\u00a0\u00bbFR Titolo\u00a0\u00bb _builder_version=\u00a0\u00bb4.16&Prime; _dynamic_attributes=\u00a0\u00bbcontent\u00a0\u00bb _module_preset=\u00a0\u00bbdefault\u00a0\u00bb text_font=\u00a0\u00bb|600||on|||||\u00a0\u00bb text_font_size=\u00a0\u00bb26px\u00a0\u00bb text_line_height=\u00a0\u00bb1.5em\u00a0\u00bb text_orientation=\u00a0\u00bbcenter\u00a0\u00bb custom_margin=\u00a0\u00bb15px||||false|false\u00a0\u00bb global_colors_info=\u00a0\u00bb{}\u00a0\u00bb]@ET-DC@eyJkeW5hbWljIjp0cnVlLCJjb250ZW50IjoicG9zdF90aXRsZSIsInNldHRpbmdzIjp7ImJlZm9yZSI6IiIsImFmdGVyIjoiIn19@[\/et_pb_text][\/et_pb_column][\/et_pb_row][\/et_pb_section][et_pb_section fb_built=\u00a0\u00bb1&Prime; _builder_version=\u00a0\u00bb4.16&Prime; _module_preset=\u00a0\u00bbdefault\u00a0\u00bb custom_margin=\u00a0\u00bb0px||0px||false|false\u00a0\u00bb custom_padding=\u00a0\u00bb0px||0px||false|false\u00a0\u00bb global_module=\u00a0\u00bb237594&Prime; saved_tabs=\u00a0\u00bball\u00a0\u00bb global_colors_info=\u00a0\u00bb{}\u00a0\u00bb][et_pb_row admin_label=\u00a0\u00bbFR Ligne\u00a0\u00bb _builder_version=\u00a0\u00bb4.16&Prime; _dynamic_attributes=\u00a0\u00bbbackground_image\u00a0\u00bb _module_preset=\u00a0\u00bbdefault\u00a0\u00bb background_image=\u00a0\u00bb@ET-DC@eyJkeW5hbWljIjp0cnVlLCJjb250ZW50IjoicG9zdF9mZWF0dXJlZF9pbWFnZSIsInNldHRpbmdzIjp7fX0=@\u00a0\u00bb width=\u00a0\u00bb100%\u00a0\u00bb max_width=\u00a0\u00bb100%\u00a0\u00bb height=\u00a0\u00bb80vh\u00a0\u00bb global_colors_info=\u00a0\u00bb{}\u00a0\u00bb][et_pb_column type=\u00a0\u00bb4_4&Prime; _builder_version=\u00a0\u00bb4.16&Prime; _module_preset=\u00a0\u00bbdefault\u00a0\u00bb global_colors_info=\u00a0\u00bb{}\u00a0\u00bb][\/et_pb_column][\/et_pb_row][\/et_pb_section][et_pb_section fb_built=\u00a0\u00bb1&Prime; _builder_version=\u00a0\u00bb4.16&Prime; global_colors_info=\u00a0\u00bb{}\u00a0\u00bb][et_pb_row _builder_version=\u00a0\u00bb4.16&Prime; background_size=\u00a0\u00bbinitial\u00a0\u00bb background_position=\u00a0\u00bbtop_left\u00a0\u00bb background_repeat=\u00a0\u00bbrepeat\u00a0\u00bb width=\u00a0\u00bb60%\u00a0\u00bb width_tablet=\u00a0\u00bb80%\u00a0\u00bb width_phone=\u00a0\u00bb80%\u00a0\u00bb width_last_edited=\u00a0\u00bbon|desktop\u00a0\u00bb max_width=\u00a0\u00bb780px\u00a0\u00bb custom_margin=\u00a0\u00bb0px||||false|false\u00a0\u00bb custom_padding=\u00a0\u00bb0px||||false|false\u00a0\u00bb global_colors_info=\u00a0\u00bb{}\u00a0\u00bb][et_pb_column type=\u00a0\u00bb4_4&Prime; _builder_version=\u00a0\u00bb4.16&Prime; custom_padding=\u00a0\u00bb|||\u00a0\u00bb global_colors_info=\u00a0\u00bb{}\u00a0\u00bb custom_padding__hover=\u00a0\u00bb|||\u00a0\u00bb][et_pb_text admin_label=\u00a0\u00bbTesto\u00a0\u00bb _builder_version=\u00a0\u00bb4.19.5&Prime; background_size=\u00a0\u00bbinitial\u00a0\u00bb background_position=\u00a0\u00bbtop_left\u00a0\u00bb background_repeat=\u00a0\u00bbrepeat\u00a0\u00bb global_colors_info=\u00a0\u00bb{}\u00a0\u00bb]<\/p>\n<p><strong>Minimaliste!<br \/><\/strong>CUFMilano, la marque design de Centrufficio, pr\u00e9sente Bold, la collection d\u00e9velopp\u00e9e en collaboration avec le designer Matteo Silverio qui brise le carcan des syst\u00e8mes structurels classiques.<br \/>Con\u00e7u dans le but de d\u00e9construire et de recomposer le bureau classique, il d\u00e9coule de la volont\u00e9 de cr\u00e9er un produit qui, en plus de remplir sa fonction premi\u00e8re (\u00eatre un bureau), poss\u00e8de une forte identit\u00e9 formelle et sculpturale.<br \/>Bold, design de Matteo Silverio, est le bureau classique d\u00e9construit et recompos\u00e9.<br \/>Un objet apparemment simple, compos\u00e9 parpeu d\u2019\u00e9l\u00e9ments qui en r\u00e9alit\u00e9 contient un haut niveau de complexit\u00e9 car les quelques pi\u00e8ces ont \u00e9t\u00e9 con\u00e7ues de mani\u00e8re \u00e0 rendre l&rsquo;ensemble de la structure solide et facile \u00e0 assembler.<br \/>Le plateau suspendu, avec le bord frais\u00e9 accentuant sa l\u00e9g\u00e8ret\u00e9, rappelle l&rsquo;aile d&rsquo;une mouette aussi bien qu&rsquo;une rame. Ces deux \u00e9l\u00e9ments est un h\u00e9ritage des origines v\u00e9nitiennes du cr\u00e9ateur.<br \/>Bold est un bijou technologique tout en l\u00e9g\u00e8ret\u00e9 et r\u00e9sistant \u00e0 la fois.<br \/>Audacieux, minimaliste alliant la l\u00e9g\u00e8ret\u00e9 et force.<br \/>Une synth\u00e8se obtenue gr\u00e2ce \u00e0 l&rsquo;excellent travail d&rsquo;\u00e9quipe dela R&amp;D CUF et du designer Matteo Silverio, tirant pleinement parti des nouvelles technologies utilisant le multicouche comme mat\u00e9riau. Bold est r\u00e9sistant, facile \u00e0 monter, imm\u00e9diatement reconnaissable.<br \/>Enfin, il est en bois, donc naturel et recyclable.<\/p>\n<p>Pour en savoir plus, <a href=\"https:\/\/www.cufmilano.com\/fr\/prodotto\/bold\/\" target=\"_blank\" rel=\"noopener\">cliquez ici<\/a><\/p>\n<p>[\/et_pb_text][et_pb_gallery gallery_ids=\u00a0\u00bb260905,260908,260911,260914,260917,260920,260923,260926&Prime; fullwidth=\u00a0\u00bbon\u00a0\u00bb _builder_version=\u00a0\u00bb4.19.5&Prime; _module_preset=\u00a0\u00bbdefault\u00a0\u00bb pagination_text_color=\u00a0\u00bb#E02B20&Prime; global_colors_info=\u00a0\u00bb{}\u00a0\u00bb][\/et_pb_gallery][\/et_pb_column][\/et_pb_row][\/et_pb_section]<\/p>\n","protected":false},"excerpt":{"rendered":"<p>Minimaliste!<\/p>\n<p>CUFMilano, la marque design de Centrufficio, pr\u00e9sente Bold, la collection d\u00e9velopp\u00e9e en collaboration avec le designer Matteo Silverio qui brise le carcan des syst\u00e8mes structurels classiques.<\/p>\n","protected":false},"author":6,"featured_media":260902,"comment_status":"closed","ping_status":"open","sticky":false,"template":"","format":"standard","meta":{"_et_pb_use_builder":"on","_et_pb_old_content":"In questi giorni stiamo tutti aspettando con impazienza il momento in cui le attivit\u00e0 potranno essere riprese.\r\nQuando succeder\u00e0, sar\u00e0 necessario effettuare una serie di accorgimenti perch\u00e9 gli ambienti di lavoro siano pi\u00f9 sicuri, alla luce delle nuove disposizioni e dei protocolli sanitari. Centrufficio arreda uffici da oltre 30 anni: conosciamo le peculiarit\u00e0 di confezionare spazi che siano accoglienti, sicuri, ed efficienti, perch\u00e9 destinati ad ospitare persone per molte ore della loro giornata.\r\nAbbiamo pertanto approntato un DECALOGO contenente dei consigli su come predisporre gli uffici alla riapertura, che condividiamo con voi in questi (si spera ultimi) giorni di quarantena.","_et_gb_content_width":"","footnotes":""},"categories":[198],"tags":[],"class_list":["post-260896","post","type-post","status-publish","format-standard","has-post-thumbnail","hentry","category-news-fr"],"yoast_head":"<!-- This site is optimized with the Yoast SEO plugin v27.4 - https:\/\/yoast.com\/product\/yoast-seo-wordpress\/ -->\n<title>Less is ... Bold! - CUF Milano | Furnishing and Design Office Furniture<\/title>\n<meta name=\"robots\" content=\"index, follow, max-snippet:-1, max-image-preview:large, max-video-preview:-1\" \/>\n<link rel=\"canonical\" href=\"https:\/\/www.cufmilano.com\/fr\/less-is-bold\/\" \/>\n<meta property=\"og:locale\" content=\"fr_FR\" \/>\n<meta property=\"og:type\" content=\"article\" \/>\n<meta property=\"og:title\" content=\"Less is ... Bold! - CUF Milano | Furnishing and Design Office Furniture\" \/>\n<meta property=\"og:description\" content=\"Minimaliste!  CUFMilano, la marque design de Centrufficio, pr\u00e9sente Bold, la collection d\u00e9velopp\u00e9e en collaboration avec le designer Matteo Silverio qui brise le carcan des syst\u00e8mes structurels classiques.\" \/>\n<meta property=\"og:url\" content=\"https:\/\/www.cufmilano.com\/fr\/less-is-bold\/\" \/>\n<meta property=\"og:site_name\" content=\"CUF Milano | Furnishing and Design Office Furniture\" \/>\n<meta property=\"article:published_time\" content=\"2023-01-31T17:09:37+00:00\" \/>\n<meta property=\"article:modified_time\" content=\"2023-01-31T17:26:40+00:00\" \/>\n<meta property=\"og:image\" content=\"https:\/\/www.cufmilano.com\/wp-content\/uploads\/2023\/01\/anteprima-news-bold-cufmilano.jpg\" \/>\n\t<meta property=\"og:image:width\" content=\"1920\" \/>\n\t<meta property=\"og:image:height\" content=\"640\" \/>\n\t<meta property=\"og:image:type\" content=\"image\/jpeg\" \/>\n<meta name=\"author\" content=\"rosy Natale\" \/>\n<meta name=\"twitter:card\" content=\"summary_large_image\" \/>\n<meta name=\"twitter:label1\" content=\"\u00c9crit par\" \/>\n\t<meta name=\"twitter:data1\" content=\"rosy Natale\" \/>\n\t<meta name=\"twitter:label2\" content=\"Dur\u00e9e de lecture estim\u00e9e\" \/>\n\t<meta name=\"twitter:data2\" content=\"2 minutes\" \/>\n<script type=\"application\/ld+json\" class=\"yoast-schema-graph\">{\"@context\":\"https:\\\/\\\/schema.org\",\"@graph\":[{\"@type\":\"Article\",\"@id\":\"https:\\\/\\\/www.cufmilano.com\\\/fr\\\/less-is-bold\\\/#article\",\"isPartOf\":{\"@id\":\"https:\\\/\\\/www.cufmilano.com\\\/fr\\\/less-is-bold\\\/\"},\"author\":{\"name\":\"rosy Natale\",\"@id\":\"https:\\\/\\\/www.cufmilano.com\\\/fr\\\/#\\\/schema\\\/person\\\/506b830ec72796fd208be3c751bf0cea\"},\"headline\":\"Less is &#8230; Bold!\",\"datePublished\":\"2023-01-31T17:09:37+00:00\",\"dateModified\":\"2023-01-31T17:26:40+00:00\",\"mainEntityOfPage\":{\"@id\":\"https:\\\/\\\/www.cufmilano.com\\\/fr\\\/less-is-bold\\\/\"},\"wordCount\":714,\"image\":{\"@id\":\"https:\\\/\\\/www.cufmilano.com\\\/fr\\\/less-is-bold\\\/#primaryimage\"},\"thumbnailUrl\":\"https:\\\/\\\/www.cufmilano.com\\\/wp-content\\\/uploads\\\/2023\\\/01\\\/anteprima-news-bold-cufmilano.jpg\",\"articleSection\":[\"News\"],\"inLanguage\":\"fr-FR\"},{\"@type\":\"WebPage\",\"@id\":\"https:\\\/\\\/www.cufmilano.com\\\/fr\\\/less-is-bold\\\/\",\"url\":\"https:\\\/\\\/www.cufmilano.com\\\/fr\\\/less-is-bold\\\/\",\"name\":\"Less is ... Bold! - CUF Milano | Furnishing and Design Office Furniture\",\"isPartOf\":{\"@id\":\"https:\\\/\\\/www.cufmilano.com\\\/fr\\\/#website\"},\"primaryImageOfPage\":{\"@id\":\"https:\\\/\\\/www.cufmilano.com\\\/fr\\\/less-is-bold\\\/#primaryimage\"},\"image\":{\"@id\":\"https:\\\/\\\/www.cufmilano.com\\\/fr\\\/less-is-bold\\\/#primaryimage\"},\"thumbnailUrl\":\"https:\\\/\\\/www.cufmilano.com\\\/wp-content\\\/uploads\\\/2023\\\/01\\\/anteprima-news-bold-cufmilano.jpg\",\"datePublished\":\"2023-01-31T17:09:37+00:00\",\"dateModified\":\"2023-01-31T17:26:40+00:00\",\"author\":{\"@id\":\"https:\\\/\\\/www.cufmilano.com\\\/fr\\\/#\\\/schema\\\/person\\\/506b830ec72796fd208be3c751bf0cea\"},\"breadcrumb\":{\"@id\":\"https:\\\/\\\/www.cufmilano.com\\\/fr\\\/less-is-bold\\\/#breadcrumb\"},\"inLanguage\":\"fr-FR\",\"potentialAction\":[{\"@type\":\"ReadAction\",\"target\":[\"https:\\\/\\\/www.cufmilano.com\\\/fr\\\/less-is-bold\\\/\"]}]},{\"@type\":\"ImageObject\",\"inLanguage\":\"fr-FR\",\"@id\":\"https:\\\/\\\/www.cufmilano.com\\\/fr\\\/less-is-bold\\\/#primaryimage\",\"url\":\"https:\\\/\\\/www.cufmilano.com\\\/wp-content\\\/uploads\\\/2023\\\/01\\\/anteprima-news-bold-cufmilano.jpg\",\"contentUrl\":\"https:\\\/\\\/www.cufmilano.com\\\/wp-content\\\/uploads\\\/2023\\\/01\\\/anteprima-news-bold-cufmilano.jpg\",\"width\":1920,\"height\":640},{\"@type\":\"BreadcrumbList\",\"@id\":\"https:\\\/\\\/www.cufmilano.com\\\/fr\\\/less-is-bold\\\/#breadcrumb\",\"itemListElement\":[{\"@type\":\"ListItem\",\"position\":1,\"name\":\"Home\",\"item\":\"https:\\\/\\\/www.cufmilano.com\\\/fr\\\/\"},{\"@type\":\"ListItem\",\"position\":2,\"name\":\"Less is &#8230; Bold!\"}]},{\"@type\":\"WebSite\",\"@id\":\"https:\\\/\\\/www.cufmilano.com\\\/fr\\\/#website\",\"url\":\"https:\\\/\\\/www.cufmilano.com\\\/fr\\\/\",\"name\":\"CUF Milano | Furnishing and Design Office Furniture\",\"description\":\"CUF Milano is specialized in the sale and production of design office furniture, chairs, armchairs, cabinets and partitions.\",\"potentialAction\":[{\"@type\":\"SearchAction\",\"target\":{\"@type\":\"EntryPoint\",\"urlTemplate\":\"https:\\\/\\\/www.cufmilano.com\\\/fr\\\/?s={search_term_string}\"},\"query-input\":{\"@type\":\"PropertyValueSpecification\",\"valueRequired\":true,\"valueName\":\"search_term_string\"}}],\"inLanguage\":\"fr-FR\"},{\"@type\":\"Person\",\"@id\":\"https:\\\/\\\/www.cufmilano.com\\\/fr\\\/#\\\/schema\\\/person\\\/506b830ec72796fd208be3c751bf0cea\",\"name\":\"rosy Natale\",\"image\":{\"@type\":\"ImageObject\",\"inLanguage\":\"fr-FR\",\"@id\":\"https:\\\/\\\/secure.gravatar.com\\\/avatar\\\/c53f27ff539d03e2565053aef53a6aae9c55d8ca6c0c2fd0700a38c18b37bdf6?s=96&d=mm&r=g\",\"url\":\"https:\\\/\\\/secure.gravatar.com\\\/avatar\\\/c53f27ff539d03e2565053aef53a6aae9c55d8ca6c0c2fd0700a38c18b37bdf6?s=96&d=mm&r=g\",\"contentUrl\":\"https:\\\/\\\/secure.gravatar.com\\\/avatar\\\/c53f27ff539d03e2565053aef53a6aae9c55d8ca6c0c2fd0700a38c18b37bdf6?s=96&d=mm&r=g\",\"caption\":\"rosy Natale\"},\"url\":\"https:\\\/\\\/www.cufmilano.com\\\/fr\\\/author\\\/rosy\\\/\"}]}<\/script>\n<!-- \/ Yoast SEO plugin. -->","yoast_head_json":{"title":"Less is ... Bold! - CUF Milano | Furnishing and Design Office Furniture","robots":{"index":"index","follow":"follow","max-snippet":"max-snippet:-1","max-image-preview":"max-image-preview:large","max-video-preview":"max-video-preview:-1"},"canonical":"https:\/\/www.cufmilano.com\/fr\/less-is-bold\/","og_locale":"fr_FR","og_type":"article","og_title":"Less is ... Bold! - CUF Milano | Furnishing and Design Office Furniture","og_description":"Minimaliste!  CUFMilano, la marque design de Centrufficio, pr\u00e9sente Bold, la collection d\u00e9velopp\u00e9e en collaboration avec le designer Matteo Silverio qui brise le carcan des syst\u00e8mes structurels classiques.","og_url":"https:\/\/www.cufmilano.com\/fr\/less-is-bold\/","og_site_name":"CUF Milano | Furnishing and Design Office Furniture","article_published_time":"2023-01-31T17:09:37+00:00","article_modified_time":"2023-01-31T17:26:40+00:00","og_image":[{"width":1920,"height":640,"url":"https:\/\/www.cufmilano.com\/wp-content\/uploads\/2023\/01\/anteprima-news-bold-cufmilano.jpg","type":"image\/jpeg"}],"author":"rosy Natale","twitter_card":"summary_large_image","twitter_misc":{"\u00c9crit par":"rosy Natale","Dur\u00e9e de lecture estim\u00e9e":"2 minutes"},"schema":{"@context":"https:\/\/schema.org","@graph":[{"@type":"Article","@id":"https:\/\/www.cufmilano.com\/fr\/less-is-bold\/#article","isPartOf":{"@id":"https:\/\/www.cufmilano.com\/fr\/less-is-bold\/"},"author":{"name":"rosy Natale","@id":"https:\/\/www.cufmilano.com\/fr\/#\/schema\/person\/506b830ec72796fd208be3c751bf0cea"},"headline":"Less is &#8230; Bold!","datePublished":"2023-01-31T17:09:37+00:00","dateModified":"2023-01-31T17:26:40+00:00","mainEntityOfPage":{"@id":"https:\/\/www.cufmilano.com\/fr\/less-is-bold\/"},"wordCount":714,"image":{"@id":"https:\/\/www.cufmilano.com\/fr\/less-is-bold\/#primaryimage"},"thumbnailUrl":"https:\/\/www.cufmilano.com\/wp-content\/uploads\/2023\/01\/anteprima-news-bold-cufmilano.jpg","articleSection":["News"],"inLanguage":"fr-FR"},{"@type":"WebPage","@id":"https:\/\/www.cufmilano.com\/fr\/less-is-bold\/","url":"https:\/\/www.cufmilano.com\/fr\/less-is-bold\/","name":"Less is ... Bold! - CUF Milano | Furnishing and Design Office Furniture","isPartOf":{"@id":"https:\/\/www.cufmilano.com\/fr\/#website"},"primaryImageOfPage":{"@id":"https:\/\/www.cufmilano.com\/fr\/less-is-bold\/#primaryimage"},"image":{"@id":"https:\/\/www.cufmilano.com\/fr\/less-is-bold\/#primaryimage"},"thumbnailUrl":"https:\/\/www.cufmilano.com\/wp-content\/uploads\/2023\/01\/anteprima-news-bold-cufmilano.jpg","datePublished":"2023-01-31T17:09:37+00:00","dateModified":"2023-01-31T17:26:40+00:00","author":{"@id":"https:\/\/www.cufmilano.com\/fr\/#\/schema\/person\/506b830ec72796fd208be3c751bf0cea"},"breadcrumb":{"@id":"https:\/\/www.cufmilano.com\/fr\/less-is-bold\/#breadcrumb"},"inLanguage":"fr-FR","potentialAction":[{"@type":"ReadAction","target":["https:\/\/www.cufmilano.com\/fr\/less-is-bold\/"]}]},{"@type":"ImageObject","inLanguage":"fr-FR","@id":"https:\/\/www.cufmilano.com\/fr\/less-is-bold\/#primaryimage","url":"https:\/\/www.cufmilano.com\/wp-content\/uploads\/2023\/01\/anteprima-news-bold-cufmilano.jpg","contentUrl":"https:\/\/www.cufmilano.com\/wp-content\/uploads\/2023\/01\/anteprima-news-bold-cufmilano.jpg","width":1920,"height":640},{"@type":"BreadcrumbList","@id":"https:\/\/www.cufmilano.com\/fr\/less-is-bold\/#breadcrumb","itemListElement":[{"@type":"ListItem","position":1,"name":"Home","item":"https:\/\/www.cufmilano.com\/fr\/"},{"@type":"ListItem","position":2,"name":"Less is &#8230; Bold!"}]},{"@type":"WebSite","@id":"https:\/\/www.cufmilano.com\/fr\/#website","url":"https:\/\/www.cufmilano.com\/fr\/","name":"CUF Milano | Furnishing and Design Office Furniture","description":"CUF Milano is specialized in the sale and production of design office furniture, chairs, armchairs, cabinets and partitions.","potentialAction":[{"@type":"SearchAction","target":{"@type":"EntryPoint","urlTemplate":"https:\/\/www.cufmilano.com\/fr\/?s={search_term_string}"},"query-input":{"@type":"PropertyValueSpecification","valueRequired":true,"valueName":"search_term_string"}}],"inLanguage":"fr-FR"},{"@type":"Person","@id":"https:\/\/www.cufmilano.com\/fr\/#\/schema\/person\/506b830ec72796fd208be3c751bf0cea","name":"rosy Natale","image":{"@type":"ImageObject","inLanguage":"fr-FR","@id":"https:\/\/secure.gravatar.com\/avatar\/c53f27ff539d03e2565053aef53a6aae9c55d8ca6c0c2fd0700a38c18b37bdf6?s=96&d=mm&r=g","url":"https:\/\/secure.gravatar.com\/avatar\/c53f27ff539d03e2565053aef53a6aae9c55d8ca6c0c2fd0700a38c18b37bdf6?s=96&d=mm&r=g","contentUrl":"https:\/\/secure.gravatar.com\/avatar\/c53f27ff539d03e2565053aef53a6aae9c55d8ca6c0c2fd0700a38c18b37bdf6?s=96&d=mm&r=g","caption":"rosy Natale"},"url":"https:\/\/www.cufmilano.com\/fr\/author\/rosy\/"}]}},"_links":{"self":[{"href":"https:\/\/www.cufmilano.com\/fr\/wp-json\/wp\/v2\/posts\/260896","targetHints":{"allow":["GET"]}}],"collection":[{"href":"https:\/\/www.cufmilano.com\/fr\/wp-json\/wp\/v2\/posts"}],"about":[{"href":"https:\/\/www.cufmilano.com\/fr\/wp-json\/wp\/v2\/types\/post"}],"author":[{"embeddable":true,"href":"https:\/\/www.cufmilano.com\/fr\/wp-json\/wp\/v2\/users\/6"}],"replies":[{"embeddable":true,"href":"https:\/\/www.cufmilano.com\/fr\/wp-json\/wp\/v2\/comments?post=260896"}],"version-history":[{"count":0,"href":"https:\/\/www.cufmilano.com\/fr\/wp-json\/wp\/v2\/posts\/260896\/revisions"}],"wp:featuredmedia":[{"embeddable":true,"href":"https:\/\/www.cufmilano.com\/fr\/wp-json\/wp\/v2\/media\/260902"}],"wp:attachment":[{"href":"https:\/\/www.cufmilano.com\/fr\/wp-json\/wp\/v2\/media?parent=260896"}],"wp:term":[{"taxonomy":"category","embeddable":true,"href":"https:\/\/www.cufmilano.com\/fr\/wp-json\/wp\/v2\/categories?post=260896"},{"taxonomy":"post_tag","embeddable":true,"href":"https:\/\/www.cufmilano.com\/fr\/wp-json\/wp\/v2\/tags?post=260896"}],"curies":[{"name":"wp","href":"https:\/\/api.w.org\/{rel}","templated":true}]}}