{"id":276179,"date":"2024-09-09T00:01:43","date_gmt":"2024-09-08T22:01:43","guid":{"rendered":"https:\/\/www.cufmilano.com\/?p=276179"},"modified":"2024-09-09T10:32:56","modified_gmt":"2024-09-09T08:32:56","slug":"cuf-milano-a-orgatec-2024","status":"publish","type":"post","link":"https:\/\/www.cufmilano.com\/fr\/cuf-milano-a-orgatec-2024\/","title":{"rendered":"CUF Milano \u00e0 Orgatec 2024"},"content":{"rendered":"<p>[et_pb_section fb_built=\u00a0\u00bb1&Prime; admin_label=\u00a0\u00bbFR header\u00a0\u00bb _builder_version=\u00a0\u00bb4.16&Prime; width=\u00a0\u00bb100%\u00a0\u00bb max_width=\u00a0\u00bb100%\u00a0\u00bb custom_padding=\u00a0\u00bb0px||40px||false|false\u00a0\u00bb global_module=\u00a0\u00bb237589&Prime; saved_tabs=\u00a0\u00bball\u00a0\u00bb global_colors_info=\u00a0\u00bb{}\u00a0\u00bb][et_pb_row admin_label=\u00a0\u00bbFR Ligne\u00a0\u00bb _builder_version=\u00a0\u00bb4.16&Prime; background_size=\u00a0\u00bbinitial\u00a0\u00bb background_position=\u00a0\u00bbtop_left\u00a0\u00bb background_repeat=\u00a0\u00bbrepeat\u00a0\u00bb custom_margin=\u00a0\u00bb0px||0px||false|false\u00a0\u00bb global_colors_info=\u00a0\u00bb{}\u00a0\u00bb][et_pb_column type=\u00a0\u00bb4_4&Prime; _builder_version=\u00a0\u00bb4.16&Prime; custom_padding=\u00a0\u00bb|||\u00a0\u00bb global_colors_info=\u00a0\u00bb{}\u00a0\u00bb custom_padding__hover=\u00a0\u00bb|||\u00a0\u00bb][et_pb_text admin_label=\u00a0\u00bbFR Torna\u00a0\u00bb module_class=\u00a0\u00bbtorna-news\u00a0\u00bb _builder_version=\u00a0\u00bb4.16&Prime; text_font_size=\u00a0\u00bb15px\u00a0\u00bb text_line_height=\u00a0\u00bb1em\u00a0\u00bb background_size=\u00a0\u00bbinitial\u00a0\u00bb background_position=\u00a0\u00bbtop_left\u00a0\u00bb background_repeat=\u00a0\u00bbrepeat\u00a0\u00bb custom_margin=\u00a0\u00bb0px||15px||false|false\u00a0\u00bb custom_padding=\u00a0\u00bb0px||||false|false\u00a0\u00bb global_colors_info=\u00a0\u00bb{}\u00a0\u00bb]<a href=\"\/news\/\">&lt; tutte le news<\/a>[\/et_pb_text][et_pb_text admin_label=\u00a0\u00bbFR Data\u00a0\u00bb _builder_version=\u00a0\u00bb4.16&Prime; _dynamic_attributes=\u00a0\u00bbcontent\u00a0\u00bb text_font_size=\u00a0\u00bb19px\u00a0\u00bb text_line_height=\u00a0\u00bb1em\u00a0\u00bb background_size=\u00a0\u00bbinitial\u00a0\u00bb background_position=\u00a0\u00bbtop_left\u00a0\u00bb background_repeat=\u00a0\u00bbrepeat\u00a0\u00bb text_orientation=\u00a0\u00bbcenter\u00a0\u00bb custom_margin=\u00a0\u00bb||15px||false|false\u00a0\u00bb custom_padding=\u00a0\u00bb20px||||false|false\u00a0\u00bb global_colors_info=\u00a0\u00bb{}\u00a0\u00bb]@ET-DC@eyJkeW5hbWljIjp0cnVlLCJjb250ZW50IjoicG9zdF9kYXRlIiwic2V0dGluZ3MiOnsiYmVmb3JlIjoiIiwiYWZ0ZXIiOiIiLCJkYXRlX2Zvcm1hdCI6ImogTSwgWSIsImN1c3RvbV9kYXRlX2Zvcm1hdCI6IiJ9fQ==@[\/et_pb_text][et_pb_text admin_label=\u00a0\u00bbFR Titolo\u00a0\u00bb _builder_version=\u00a0\u00bb4.16&Prime; _dynamic_attributes=\u00a0\u00bbcontent\u00a0\u00bb _module_preset=\u00a0\u00bbdefault\u00a0\u00bb text_font=\u00a0\u00bb|600||on|||||\u00a0\u00bb text_font_size=\u00a0\u00bb26px\u00a0\u00bb text_orientation=\u00a0\u00bbcenter\u00a0\u00bb custom_margin=\u00a0\u00bb15px||||false|false\u00a0\u00bb global_colors_info=\u00a0\u00bb{}\u00a0\u00bb]@ET-DC@eyJkeW5hbWljIjp0cnVlLCJjb250ZW50IjoicG9zdF90aXRsZSIsInNldHRpbmdzIjp7ImJlZm9yZSI6IiIsImFmdGVyIjoiIn19@[\/et_pb_text][\/et_pb_column][\/et_pb_row][\/et_pb_section][et_pb_section fb_built=\u00a0\u00bb1&Prime; _builder_version=\u00a0\u00bb4.16&Prime; _module_preset=\u00a0\u00bbdefault\u00a0\u00bb custom_margin=\u00a0\u00bb0px||0px||false|false\u00a0\u00bb custom_padding=\u00a0\u00bb0px||0px||false|false\u00a0\u00bb global_module=\u00a0\u00bb237594&Prime; saved_tabs=\u00a0\u00bball\u00a0\u00bb global_colors_info=\u00a0\u00bb{}\u00a0\u00bb][et_pb_row admin_label=\u00a0\u00bbFR Ligne\u00a0\u00bb _builder_version=\u00a0\u00bb4.16&Prime; _dynamic_attributes=\u00a0\u00bbbackground_image\u00a0\u00bb _module_preset=\u00a0\u00bbdefault\u00a0\u00bb background_image=\u00a0\u00bb@ET-DC@eyJkeW5hbWljIjp0cnVlLCJjb250ZW50IjoicG9zdF9mZWF0dXJlZF9pbWFnZSIsInNldHRpbmdzIjp7fX0=@\u00a0\u00bb width=\u00a0\u00bb100%\u00a0\u00bb max_width=\u00a0\u00bb100%\u00a0\u00bb height=\u00a0\u00bb80vh\u00a0\u00bb global_colors_info=\u00a0\u00bb{}\u00a0\u00bb][et_pb_column type=\u00a0\u00bb4_4&Prime; _builder_version=\u00a0\u00bb4.16&Prime; _module_preset=\u00a0\u00bbdefault\u00a0\u00bb global_colors_info=\u00a0\u00bb{}\u00a0\u00bb][\/et_pb_column][\/et_pb_row][\/et_pb_section][et_pb_section fb_built=\u00a0\u00bb1&Prime; _builder_version=\u00a0\u00bb4.27.0&Prime; custom_margin=\u00a0\u00bb||0px||false|false\u00a0\u00bb custom_padding=\u00a0\u00bb||0px||false|false\u00a0\u00bb global_colors_info=\u00a0\u00bb{}\u00a0\u00bb][et_pb_row _builder_version=\u00a0\u00bb4.27.0&Prime; background_size=\u00a0\u00bbinitial\u00a0\u00bb background_position=\u00a0\u00bbtop_left\u00a0\u00bb background_repeat=\u00a0\u00bbrepeat\u00a0\u00bb width=\u00a0\u00bb60%\u00a0\u00bb width_tablet=\u00a0\u00bb80%\u00a0\u00bb width_phone=\u00a0\u00bb80%\u00a0\u00bb width_last_edited=\u00a0\u00bbon|desktop\u00a0\u00bb max_width=\u00a0\u00bb780px\u00a0\u00bb custom_margin=\u00a0\u00bb0px||0px||false|false\u00a0\u00bb custom_padding=\u00a0\u00bb0px||0px||false|false\u00a0\u00bb global_colors_info=\u00a0\u00bb{}\u00a0\u00bb][et_pb_column type=\u00a0\u00bb4_4&Prime; _builder_version=\u00a0\u00bb4.16&Prime; custom_padding=\u00a0\u00bb|||\u00a0\u00bb global_colors_info=\u00a0\u00bb{}\u00a0\u00bb custom_padding__hover=\u00a0\u00bb|||\u00a0\u00bb][et_pb_text admin_label=\u00a0\u00bbTesto\u00a0\u00bb _builder_version=\u00a0\u00bb4.27.0&Prime; background_size=\u00a0\u00bbinitial\u00a0\u00bb background_position=\u00a0\u00bbtop_left\u00a0\u00bb background_repeat=\u00a0\u00bbrepeat\u00a0\u00bb link_option_url_new_window=\u00a0\u00bbon\u00a0\u00bb hover_enabled=\u00a0\u00bb0&Prime; global_colors_info=\u00a0\u00bb{}\u00a0\u00bb sticky_enabled=\u00a0\u00bb0&Prime;]<\/p>\n<p>Nous sommes ravis de vous inviter \u00e0 nous rendre visite \u00e0<strong> Orgatec 2024<\/strong>, o\u00f9 CUF Milano pr\u00e9sentera sa vision du lieu de travail, en constante \u00e9volution. Cet \u00e9v\u00e9nement renomm\u00e9 se tiendra <strong>du 22 au 25 octobre \u00e0 Cologne<\/strong>.<br \/>La structure de l&rsquo;exposition a \u00e9t\u00e9 repens\u00e9e, avec les pavillons organis\u00e9s en zones th\u00e9matiques. Ce changement transforme le salon en un lieu d&rsquo;\u00e9change d&rsquo;id\u00e9es et de culture du travail, d\u00e9passant le concept traditionnel d&rsquo;\u00e9v\u00e9nement commercial.<\/p>\n<p><strong>Point fort d&rsquo;Orgatec 2024<\/strong> :<br \/>CUF Milano d\u00e9voilera une collection de produits con\u00e7us pour r\u00e9pondre aux besoins des environnements de travail contemporains. Nos propositions sont con\u00e7ues pour faire face aux nouvelles dynamiques du travail, avec un accent particulier sur l&rsquo;am\u00e9lioration des relations interpersonnelles dans les espaces partag\u00e9s. Des syst\u00e8mes innovants et solutions modulaires aux meubles de bureau devenus embl\u00e9matiques dans notre histoire, les propositions de CUF sont pens\u00e9es pour soutenir les nouveaux d\u00e9fis des environnements de travail modernes.<\/p>\n<p><strong>Quand<\/strong> : 22-25 octobre 2024<br \/><strong>O\u00f9<\/strong> : Foire de Cologne, Pavillon 07.1 | Stand SD029<br \/>Nous serons heureux de vous accueillir \u00e0 Orgatec 2024 pour \u00e9changer ensemble sur l&rsquo;avenir du design des espaces de travail.<\/p>\n<p><strong>Restez \u00e0 l&rsquo;\u00e9coute pour toutes les mises \u00e0 jour d&rsquo;Orgatec 2024 !<\/strong><br \/>Notre \u00e9quipe partagera les derni\u00e8res nouvelles et informations sur nos r\u00e9seaux sociaux, y compris les d\u00e9tails sur le lancement de notre nouveau produit et notre participation \u00e0 l&rsquo;\u00e9v\u00e9nement. Suivez-nous sur les r\u00e9seaux sociaux pour rester inform\u00e9s et \u00eatre les premiers \u00e0 d\u00e9couvrir les nouveaut\u00e9s \u00e0 venir.<\/p>\n<p>[\/et_pb_text][\/et_pb_column][\/et_pb_row][\/et_pb_section][et_pb_section fb_built=\u00a0\u00bb1&Prime; admin_label=\u00a0\u00bbFR Segui social CufMilano\u00a0\u00bb _builder_version=\u00a0\u00bb4.27.0&Prime; custom_margin=\u00a0\u00bb0px||||false|false\u00a0\u00bb custom_padding=\u00a0\u00bb0px||||false|false\u00a0\u00bb global_module=\u00a0\u00bb276256&Prime; saved_tabs=\u00a0\u00bball\u00a0\u00bb global_colors_info=\u00a0\u00bb{}\u00a0\u00bb][et_pb_row _builder_version=\u00a0\u00bb4.27.0&Prime; background_size=\u00a0\u00bbinitial\u00a0\u00bb background_position=\u00a0\u00bbtop_left\u00a0\u00bb background_repeat=\u00a0\u00bbrepeat\u00a0\u00bb width=\u00a0\u00bb60%\u00a0\u00bb width_tablet=\u00a0\u00bb80%\u00a0\u00bb width_phone=\u00a0\u00bb80%\u00a0\u00bb width_last_edited=\u00a0\u00bbon|desktop\u00a0\u00bb max_width=\u00a0\u00bb780px\u00a0\u00bb custom_margin=\u00a0\u00bb15px||||false|false\u00a0\u00bb custom_padding=\u00a0\u00bb0px||||false|false\u00a0\u00bb global_colors_info=\u00a0\u00bb{}\u00a0\u00bb][et_pb_column type=\u00a0\u00bb4_4&Prime; _builder_version=\u00a0\u00bb4.16&Prime; custom_padding=\u00a0\u00bb|||\u00a0\u00bb global_colors_info=\u00a0\u00bb{}\u00a0\u00bb custom_padding__hover=\u00a0\u00bb|||\u00a0\u00bb][et_pb_text admin_label=\u00a0\u00bbTesto\u00a0\u00bb _builder_version=\u00a0\u00bb4.27.0&Prime; text_font=\u00a0\u00bb|700||on|||||\u00a0\u00bb text_font_size=\u00a0\u00bb13px\u00a0\u00bb background_size=\u00a0\u00bbinitial\u00a0\u00bb background_position=\u00a0\u00bbtop_left\u00a0\u00bb background_repeat=\u00a0\u00bbrepeat\u00a0\u00bb custom_margin=\u00a0\u00bb0px||6px||false|false\u00a0\u00bb custom_padding=\u00a0\u00bb0px||0px||false|false\u00a0\u00bb link_option_url_new_window=\u00a0\u00bbon\u00a0\u00bb global_colors_info=\u00a0\u00bb{}\u00a0\u00bb]<\/p>\n<p>Follow Us:<\/p>\n<p>[\/et_pb_text][et_pb_social_media_follow _builder_version=\u00a0\u00bb4.27.0&Prime; _module_preset=\u00a0\u00bbdefault\u00a0\u00bb text_orientation=\u00a0\u00bbleft\u00a0\u00bb global_colors_info=\u00a0\u00bb{}\u00a0\u00bb][et_pb_social_media_follow_network social_network=\u00a0\u00bbfacebook\u00a0\u00bb url=\u00a0\u00bbhttps:\/\/www.facebook.com\/CentrufficioLoreto\/\u00a0\u00bb _builder_version=\u00a0\u00bb4.27.0&Prime; _module_preset=\u00a0\u00bbdefault\u00a0\u00bb background_color=\u00a0\u00bb#3b5998&Prime; custom_margin=\u00a0\u00bb|||-14px|false|false\u00a0\u00bb custom_padding=\u00a0\u00bb|||0px|false|false\u00a0\u00bb global_colors_info=\u00a0\u00bb{}\u00a0\u00bb follow_button=\u00a0\u00bboff\u00a0\u00bb url_new_window=\u00a0\u00bbon\u00a0\u00bb]facebook[\/et_pb_social_media_follow_network][et_pb_social_media_follow_network social_network=\u00a0\u00bblinkedin\u00a0\u00bb url=\u00a0\u00bbhttp:\/\/www.linkedin.com\/company\/centrufficio-loreto-spa?trk=hb_tab_compy_id_2505605&Prime; _builder_version=\u00a0\u00bb4.27.0&Prime; _module_preset=\u00a0\u00bbdefault\u00a0\u00bb background_color=\u00a0\u00bb#007bb6&Prime; global_colors_info=\u00a0\u00bb{}\u00a0\u00bb follow_button=\u00a0\u00bboff\u00a0\u00bb url_new_window=\u00a0\u00bbon\u00a0\u00bb]linkedin[\/et_pb_social_media_follow_network][et_pb_social_media_follow_network social_network=\u00a0\u00bbinstagram\u00a0\u00bb url=\u00a0\u00bbhttps:\/\/www.instagram.com\/cuf_milano\/\u00a0\u00bb _builder_version=\u00a0\u00bb4.27.0&Prime; _module_preset=\u00a0\u00bbdefault\u00a0\u00bb background_color=\u00a0\u00bb#ea2c59&Prime; global_colors_info=\u00a0\u00bb{}\u00a0\u00bb follow_button=\u00a0\u00bboff\u00a0\u00bb url_new_window=\u00a0\u00bbon\u00a0\u00bb]instagram[\/et_pb_social_media_follow_network][et_pb_social_media_follow_network social_network=\u00a0\u00bbpinterest\u00a0\u00bb url=\u00a0\u00bbhttps:\/\/it.pinterest.com\/centrufficiospa\/\u00a0\u00bb _builder_version=\u00a0\u00bb4.27.0&Prime; _module_preset=\u00a0\u00bbdefault\u00a0\u00bb background_color=\u00a0\u00bb#cb2027&Prime; global_colors_info=\u00a0\u00bb{}\u00a0\u00bb follow_button=\u00a0\u00bboff\u00a0\u00bb url_new_window=\u00a0\u00bbon\u00a0\u00bb]pinterest[\/et_pb_social_media_follow_network][et_pb_social_media_follow_network social_network=\u00a0\u00bbyoutube\u00a0\u00bb url=\u00a0\u00bbhttps:\/\/www.youtube.com\/@Centrufficiospa\/videos\u00a0\u00bb _builder_version=\u00a0\u00bb4.27.0&Prime; _module_preset=\u00a0\u00bbdefault\u00a0\u00bb background_color=\u00a0\u00bb#a82400&Prime; global_colors_info=\u00a0\u00bb{}\u00a0\u00bb follow_button=\u00a0\u00bboff\u00a0\u00bb url_new_window=\u00a0\u00bbon\u00a0\u00bb]youtube[\/et_pb_social_media_follow_network][\/et_pb_social_media_follow][\/et_pb_column][\/et_pb_row][\/et_pb_section]<\/p>\n","protected":false},"excerpt":{"rendered":"<p>Nous sommes ravis de vous inviter \u00e0 nous rendre visite \u00e0 Orgatec 2024, o\u00f9 CUF Milano pr\u00e9sentera sa vision du lieu de travail, en constante \u00e9volution. Cet \u00e9v\u00e9nement renomm\u00e9 se tiendra du 22 au 25 octobre \u00e0 Cologne.<br \/>\nLa structure de l&rsquo;exposition a \u00e9t\u00e9 repens\u00e9e, avec les pavillons organis\u00e9s en zones th\u00e9matiques. Ce changement transforme le salon en un lieu d&rsquo;\u00e9change d&rsquo;id\u00e9es et de culture du travail, d\u00e9passant le concept traditionnel d&rsquo;\u00e9v\u00e9nement commercial.<\/p>\n","protected":false},"author":1,"featured_media":276228,"comment_status":"closed","ping_status":"open","sticky":false,"template":"","format":"standard","meta":{"_et_pb_use_builder":"on","_et_pb_old_content":"In questi giorni stiamo tutti aspettando con impazienza il momento in cui le attivit\u00e0 potranno essere riprese.\r\nQuando succeder\u00e0, sar\u00e0 necessario effettuare una serie di accorgimenti perch\u00e9 gli ambienti di lavoro siano pi\u00f9 sicuri, alla luce delle nuove disposizioni e dei protocolli sanitari. Centrufficio arreda uffici da oltre 30 anni: conosciamo le peculiarit\u00e0 di confezionare spazi che siano accoglienti, sicuri, ed efficienti, perch\u00e9 destinati ad ospitare persone per molte ore della loro giornata.\r\nAbbiamo pertanto approntato un DECALOGO contenente dei consigli su come predisporre gli uffici alla riapertura, che condividiamo con voi in questi (si spera ultimi) giorni di quarantena.","_et_gb_content_width":"","footnotes":""},"categories":[140],"tags":[],"class_list":["post-276179","post","type-post","status-publish","format-standard","has-post-thumbnail","hentry","category-non-classifiee"],"yoast_head":"<!-- This site is optimized with the Yoast SEO plugin v27.4 - https:\/\/yoast.com\/product\/yoast-seo-wordpress\/ -->\n<title>CUF Milano \u00e0 Orgatec 2024 - CUF Milano | Furnishing and Design Office Furniture<\/title>\n<meta name=\"robots\" content=\"index, follow, max-snippet:-1, max-image-preview:large, max-video-preview:-1\" \/>\n<link rel=\"canonical\" href=\"https:\/\/www.cufmilano.com\/fr\/cuf-milano-a-orgatec-2024\/\" \/>\n<meta property=\"og:locale\" content=\"fr_FR\" \/>\n<meta property=\"og:type\" content=\"article\" \/>\n<meta property=\"og:title\" content=\"CUF Milano \u00e0 Orgatec 2024 - CUF Milano | Furnishing and Design Office Furniture\" \/>\n<meta property=\"og:description\" content=\"Nous sommes ravis de vous inviter \u00e0 nous rendre visite \u00e0 Orgatec 2024, o\u00f9 CUF Milano pr\u00e9sentera sa vision du lieu de travail, en constante \u00e9volution. Cet \u00e9v\u00e9nement renomm\u00e9 se tiendra du 22 au 25 octobre \u00e0 Cologne. La structure de l&#039;exposition a \u00e9t\u00e9 repens\u00e9e, avec les pavillons organis\u00e9s en zones th\u00e9matiques. Ce changement transforme le salon en un lieu d&#039;\u00e9change d&#039;id\u00e9es et de culture du travail, d\u00e9passant le concept traditionnel d&#039;\u00e9v\u00e9nement commercial.\" \/>\n<meta property=\"og:url\" content=\"https:\/\/www.cufmilano.com\/fr\/cuf-milano-a-orgatec-2024\/\" \/>\n<meta property=\"og:site_name\" content=\"CUF Milano | Furnishing and Design Office Furniture\" \/>\n<meta property=\"article:published_time\" content=\"2024-09-08T22:01:43+00:00\" \/>\n<meta property=\"article:modified_time\" content=\"2024-09-09T08:32:56+00:00\" \/>\n<meta property=\"og:image\" content=\"https:\/\/www.cufmilano.com\/wp-content\/uploads\/2024\/09\/orgatec2024-cufmilano-banner-ok-1.jpg\" \/>\n\t<meta property=\"og:image:width\" content=\"2000\" \/>\n\t<meta property=\"og:image:height\" content=\"1300\" \/>\n\t<meta property=\"og:image:type\" content=\"image\/jpeg\" \/>\n<meta name=\"author\" content=\"comelli@spaziocreativo.eu\" \/>\n<meta name=\"twitter:card\" content=\"summary_large_image\" \/>\n<meta name=\"twitter:label1\" content=\"\u00c9crit par\" \/>\n\t<meta name=\"twitter:data1\" content=\"comelli@spaziocreativo.eu\" \/>\n\t<meta name=\"twitter:label2\" content=\"Dur\u00e9e de lecture estim\u00e9e\" \/>\n\t<meta name=\"twitter:data2\" content=\"2 minutes\" \/>\n<script type=\"application\/ld+json\" class=\"yoast-schema-graph\">{\"@context\":\"https:\\\/\\\/schema.org\",\"@graph\":[{\"@type\":\"Article\",\"@id\":\"https:\\\/\\\/www.cufmilano.com\\\/fr\\\/cuf-milano-a-orgatec-2024\\\/#article\",\"isPartOf\":{\"@id\":\"https:\\\/\\\/www.cufmilano.com\\\/fr\\\/cuf-milano-a-orgatec-2024\\\/\"},\"author\":{\"name\":\"comelli@spaziocreativo.eu\",\"@id\":\"https:\\\/\\\/www.cufmilano.com\\\/fr\\\/#\\\/schema\\\/person\\\/4913e6122d74a666823955933b4fca74\"},\"headline\":\"CUF Milano \u00e0 Orgatec 2024\",\"datePublished\":\"2024-09-08T22:01:43+00:00\",\"dateModified\":\"2024-09-09T08:32:56+00:00\",\"mainEntityOfPage\":{\"@id\":\"https:\\\/\\\/www.cufmilano.com\\\/fr\\\/cuf-milano-a-orgatec-2024\\\/\"},\"wordCount\":1105,\"image\":{\"@id\":\"https:\\\/\\\/www.cufmilano.com\\\/fr\\\/cuf-milano-a-orgatec-2024\\\/#primaryimage\"},\"thumbnailUrl\":\"https:\\\/\\\/www.cufmilano.com\\\/wp-content\\\/uploads\\\/2024\\\/09\\\/orgatec2024-cufmilano-banner-ok-1.jpg\",\"articleSection\":[\"Non classifi\u00e9(e)\"],\"inLanguage\":\"fr-FR\"},{\"@type\":\"WebPage\",\"@id\":\"https:\\\/\\\/www.cufmilano.com\\\/fr\\\/cuf-milano-a-orgatec-2024\\\/\",\"url\":\"https:\\\/\\\/www.cufmilano.com\\\/fr\\\/cuf-milano-a-orgatec-2024\\\/\",\"name\":\"CUF Milano \u00e0 Orgatec 2024 - CUF Milano | Furnishing and Design Office Furniture\",\"isPartOf\":{\"@id\":\"https:\\\/\\\/www.cufmilano.com\\\/fr\\\/#website\"},\"primaryImageOfPage\":{\"@id\":\"https:\\\/\\\/www.cufmilano.com\\\/fr\\\/cuf-milano-a-orgatec-2024\\\/#primaryimage\"},\"image\":{\"@id\":\"https:\\\/\\\/www.cufmilano.com\\\/fr\\\/cuf-milano-a-orgatec-2024\\\/#primaryimage\"},\"thumbnailUrl\":\"https:\\\/\\\/www.cufmilano.com\\\/wp-content\\\/uploads\\\/2024\\\/09\\\/orgatec2024-cufmilano-banner-ok-1.jpg\",\"datePublished\":\"2024-09-08T22:01:43+00:00\",\"dateModified\":\"2024-09-09T08:32:56+00:00\",\"author\":{\"@id\":\"https:\\\/\\\/www.cufmilano.com\\\/fr\\\/#\\\/schema\\\/person\\\/4913e6122d74a666823955933b4fca74\"},\"breadcrumb\":{\"@id\":\"https:\\\/\\\/www.cufmilano.com\\\/fr\\\/cuf-milano-a-orgatec-2024\\\/#breadcrumb\"},\"inLanguage\":\"fr-FR\",\"potentialAction\":[{\"@type\":\"ReadAction\",\"target\":[\"https:\\\/\\\/www.cufmilano.com\\\/fr\\\/cuf-milano-a-orgatec-2024\\\/\"]}]},{\"@type\":\"ImageObject\",\"inLanguage\":\"fr-FR\",\"@id\":\"https:\\\/\\\/www.cufmilano.com\\\/fr\\\/cuf-milano-a-orgatec-2024\\\/#primaryimage\",\"url\":\"https:\\\/\\\/www.cufmilano.com\\\/wp-content\\\/uploads\\\/2024\\\/09\\\/orgatec2024-cufmilano-banner-ok-1.jpg\",\"contentUrl\":\"https:\\\/\\\/www.cufmilano.com\\\/wp-content\\\/uploads\\\/2024\\\/09\\\/orgatec2024-cufmilano-banner-ok-1.jpg\",\"width\":2000,\"height\":1300},{\"@type\":\"BreadcrumbList\",\"@id\":\"https:\\\/\\\/www.cufmilano.com\\\/fr\\\/cuf-milano-a-orgatec-2024\\\/#breadcrumb\",\"itemListElement\":[{\"@type\":\"ListItem\",\"position\":1,\"name\":\"Home\",\"item\":\"https:\\\/\\\/www.cufmilano.com\\\/fr\\\/\"},{\"@type\":\"ListItem\",\"position\":2,\"name\":\"CUF Milano \u00e0 Orgatec 2024\"}]},{\"@type\":\"WebSite\",\"@id\":\"https:\\\/\\\/www.cufmilano.com\\\/fr\\\/#website\",\"url\":\"https:\\\/\\\/www.cufmilano.com\\\/fr\\\/\",\"name\":\"CUF Milano | Furnishing and Design Office Furniture\",\"description\":\"CUF Milano is specialized in the sale and production of design office furniture, chairs, armchairs, cabinets and partitions.\",\"potentialAction\":[{\"@type\":\"SearchAction\",\"target\":{\"@type\":\"EntryPoint\",\"urlTemplate\":\"https:\\\/\\\/www.cufmilano.com\\\/fr\\\/?s={search_term_string}\"},\"query-input\":{\"@type\":\"PropertyValueSpecification\",\"valueRequired\":true,\"valueName\":\"search_term_string\"}}],\"inLanguage\":\"fr-FR\"},{\"@type\":\"Person\",\"@id\":\"https:\\\/\\\/www.cufmilano.com\\\/fr\\\/#\\\/schema\\\/person\\\/4913e6122d74a666823955933b4fca74\",\"name\":\"comelli@spaziocreativo.eu\",\"image\":{\"@type\":\"ImageObject\",\"inLanguage\":\"fr-FR\",\"@id\":\"https:\\\/\\\/secure.gravatar.com\\\/avatar\\\/8dc737126187d0b631daae79c646c3e103c14bde7beb3e40357898151c8b0226?s=96&d=mm&r=g\",\"url\":\"https:\\\/\\\/secure.gravatar.com\\\/avatar\\\/8dc737126187d0b631daae79c646c3e103c14bde7beb3e40357898151c8b0226?s=96&d=mm&r=g\",\"contentUrl\":\"https:\\\/\\\/secure.gravatar.com\\\/avatar\\\/8dc737126187d0b631daae79c646c3e103c14bde7beb3e40357898151c8b0226?s=96&d=mm&r=g\",\"caption\":\"comelli@spaziocreativo.eu\"},\"sameAs\":[\"http:\\\/\\\/www.cufmilano.com\"],\"url\":\"https:\\\/\\\/www.cufmilano.com\\\/fr\\\/author\\\/comellispaziocreativo-eu\\\/\"}]}<\/script>\n<!-- \/ Yoast SEO plugin. -->","yoast_head_json":{"title":"CUF Milano \u00e0 Orgatec 2024 - CUF Milano | Furnishing and Design Office Furniture","robots":{"index":"index","follow":"follow","max-snippet":"max-snippet:-1","max-image-preview":"max-image-preview:large","max-video-preview":"max-video-preview:-1"},"canonical":"https:\/\/www.cufmilano.com\/fr\/cuf-milano-a-orgatec-2024\/","og_locale":"fr_FR","og_type":"article","og_title":"CUF Milano \u00e0 Orgatec 2024 - CUF Milano | Furnishing and Design Office Furniture","og_description":"Nous sommes ravis de vous inviter \u00e0 nous rendre visite \u00e0 Orgatec 2024, o\u00f9 CUF Milano pr\u00e9sentera sa vision du lieu de travail, en constante \u00e9volution. Cet \u00e9v\u00e9nement renomm\u00e9 se tiendra du 22 au 25 octobre \u00e0 Cologne. La structure de l'exposition a \u00e9t\u00e9 repens\u00e9e, avec les pavillons organis\u00e9s en zones th\u00e9matiques. Ce changement transforme le salon en un lieu d'\u00e9change d'id\u00e9es et de culture du travail, d\u00e9passant le concept traditionnel d'\u00e9v\u00e9nement commercial.","og_url":"https:\/\/www.cufmilano.com\/fr\/cuf-milano-a-orgatec-2024\/","og_site_name":"CUF Milano | Furnishing and Design Office Furniture","article_published_time":"2024-09-08T22:01:43+00:00","article_modified_time":"2024-09-09T08:32:56+00:00","og_image":[{"width":2000,"height":1300,"url":"https:\/\/www.cufmilano.com\/wp-content\/uploads\/2024\/09\/orgatec2024-cufmilano-banner-ok-1.jpg","type":"image\/jpeg"}],"author":"comelli@spaziocreativo.eu","twitter_card":"summary_large_image","twitter_misc":{"\u00c9crit par":"comelli@spaziocreativo.eu","Dur\u00e9e de lecture estim\u00e9e":"2 minutes"},"schema":{"@context":"https:\/\/schema.org","@graph":[{"@type":"Article","@id":"https:\/\/www.cufmilano.com\/fr\/cuf-milano-a-orgatec-2024\/#article","isPartOf":{"@id":"https:\/\/www.cufmilano.com\/fr\/cuf-milano-a-orgatec-2024\/"},"author":{"name":"comelli@spaziocreativo.eu","@id":"https:\/\/www.cufmilano.com\/fr\/#\/schema\/person\/4913e6122d74a666823955933b4fca74"},"headline":"CUF Milano \u00e0 Orgatec 2024","datePublished":"2024-09-08T22:01:43+00:00","dateModified":"2024-09-09T08:32:56+00:00","mainEntityOfPage":{"@id":"https:\/\/www.cufmilano.com\/fr\/cuf-milano-a-orgatec-2024\/"},"wordCount":1105,"image":{"@id":"https:\/\/www.cufmilano.com\/fr\/cuf-milano-a-orgatec-2024\/#primaryimage"},"thumbnailUrl":"https:\/\/www.cufmilano.com\/wp-content\/uploads\/2024\/09\/orgatec2024-cufmilano-banner-ok-1.jpg","articleSection":["Non classifi\u00e9(e)"],"inLanguage":"fr-FR"},{"@type":"WebPage","@id":"https:\/\/www.cufmilano.com\/fr\/cuf-milano-a-orgatec-2024\/","url":"https:\/\/www.cufmilano.com\/fr\/cuf-milano-a-orgatec-2024\/","name":"CUF Milano \u00e0 Orgatec 2024 - CUF Milano | Furnishing and Design Office Furniture","isPartOf":{"@id":"https:\/\/www.cufmilano.com\/fr\/#website"},"primaryImageOfPage":{"@id":"https:\/\/www.cufmilano.com\/fr\/cuf-milano-a-orgatec-2024\/#primaryimage"},"image":{"@id":"https:\/\/www.cufmilano.com\/fr\/cuf-milano-a-orgatec-2024\/#primaryimage"},"thumbnailUrl":"https:\/\/www.cufmilano.com\/wp-content\/uploads\/2024\/09\/orgatec2024-cufmilano-banner-ok-1.jpg","datePublished":"2024-09-08T22:01:43+00:00","dateModified":"2024-09-09T08:32:56+00:00","author":{"@id":"https:\/\/www.cufmilano.com\/fr\/#\/schema\/person\/4913e6122d74a666823955933b4fca74"},"breadcrumb":{"@id":"https:\/\/www.cufmilano.com\/fr\/cuf-milano-a-orgatec-2024\/#breadcrumb"},"inLanguage":"fr-FR","potentialAction":[{"@type":"ReadAction","target":["https:\/\/www.cufmilano.com\/fr\/cuf-milano-a-orgatec-2024\/"]}]},{"@type":"ImageObject","inLanguage":"fr-FR","@id":"https:\/\/www.cufmilano.com\/fr\/cuf-milano-a-orgatec-2024\/#primaryimage","url":"https:\/\/www.cufmilano.com\/wp-content\/uploads\/2024\/09\/orgatec2024-cufmilano-banner-ok-1.jpg","contentUrl":"https:\/\/www.cufmilano.com\/wp-content\/uploads\/2024\/09\/orgatec2024-cufmilano-banner-ok-1.jpg","width":2000,"height":1300},{"@type":"BreadcrumbList","@id":"https:\/\/www.cufmilano.com\/fr\/cuf-milano-a-orgatec-2024\/#breadcrumb","itemListElement":[{"@type":"ListItem","position":1,"name":"Home","item":"https:\/\/www.cufmilano.com\/fr\/"},{"@type":"ListItem","position":2,"name":"CUF Milano \u00e0 Orgatec 2024"}]},{"@type":"WebSite","@id":"https:\/\/www.cufmilano.com\/fr\/#website","url":"https:\/\/www.cufmilano.com\/fr\/","name":"CUF Milano | Furnishing and Design Office Furniture","description":"CUF Milano is specialized in the sale and production of design office furniture, chairs, armchairs, cabinets and partitions.","potentialAction":[{"@type":"SearchAction","target":{"@type":"EntryPoint","urlTemplate":"https:\/\/www.cufmilano.com\/fr\/?s={search_term_string}"},"query-input":{"@type":"PropertyValueSpecification","valueRequired":true,"valueName":"search_term_string"}}],"inLanguage":"fr-FR"},{"@type":"Person","@id":"https:\/\/www.cufmilano.com\/fr\/#\/schema\/person\/4913e6122d74a666823955933b4fca74","name":"comelli@spaziocreativo.eu","image":{"@type":"ImageObject","inLanguage":"fr-FR","@id":"https:\/\/secure.gravatar.com\/avatar\/8dc737126187d0b631daae79c646c3e103c14bde7beb3e40357898151c8b0226?s=96&d=mm&r=g","url":"https:\/\/secure.gravatar.com\/avatar\/8dc737126187d0b631daae79c646c3e103c14bde7beb3e40357898151c8b0226?s=96&d=mm&r=g","contentUrl":"https:\/\/secure.gravatar.com\/avatar\/8dc737126187d0b631daae79c646c3e103c14bde7beb3e40357898151c8b0226?s=96&d=mm&r=g","caption":"comelli@spaziocreativo.eu"},"sameAs":["https:\/\/www.cufmilano.com"],"url":"https:\/\/www.cufmilano.com\/fr\/author\/comellispaziocreativo-eu\/"}]}},"_links":{"self":[{"href":"https:\/\/www.cufmilano.com\/fr\/wp-json\/wp\/v2\/posts\/276179","targetHints":{"allow":["GET"]}}],"collection":[{"href":"https:\/\/www.cufmilano.com\/fr\/wp-json\/wp\/v2\/posts"}],"about":[{"href":"https:\/\/www.cufmilano.com\/fr\/wp-json\/wp\/v2\/types\/post"}],"author":[{"embeddable":true,"href":"https:\/\/www.cufmilano.com\/fr\/wp-json\/wp\/v2\/users\/1"}],"replies":[{"embeddable":true,"href":"https:\/\/www.cufmilano.com\/fr\/wp-json\/wp\/v2\/comments?post=276179"}],"version-history":[{"count":0,"href":"https:\/\/www.cufmilano.com\/fr\/wp-json\/wp\/v2\/posts\/276179\/revisions"}],"wp:featuredmedia":[{"embeddable":true,"href":"https:\/\/www.cufmilano.com\/fr\/wp-json\/wp\/v2\/media\/276228"}],"wp:attachment":[{"href":"https:\/\/www.cufmilano.com\/fr\/wp-json\/wp\/v2\/media?parent=276179"}],"wp:term":[{"taxonomy":"category","embeddable":true,"href":"https:\/\/www.cufmilano.com\/fr\/wp-json\/wp\/v2\/categories?post=276179"},{"taxonomy":"post_tag","embeddable":true,"href":"https:\/\/www.cufmilano.com\/fr\/wp-json\/wp\/v2\/tags?post=276179"}],"curies":[{"name":"wp","href":"https:\/\/api.w.org\/{rel}","templated":true}]}}