{"id":279867,"date":"2025-03-21T07:00:06","date_gmt":"2025-03-21T06:00:06","guid":{"rendered":"https:\/\/www.cufmilano.com\/?p=279867"},"modified":"2025-09-03T19:18:17","modified_gmt":"2025-09-03T17:18:17","slug":"office-playground-cuf-milano-redefinit-le-concept-de-pause-a-la-semaine-du-design-de-milan-2025","status":"publish","type":"post","link":"https:\/\/www.cufmilano.com\/fr\/office-playground-cuf-milano-redefinit-le-concept-de-pause-a-la-semaine-du-design-de-milan-2025\/","title":{"rendered":"OFFICE PLAYGROUND : CUF Milano red\u00e9finit le concept de pause <br>\u00e0 la Semaine du design de Milan 2025"},"content":{"rendered":"<p>[et_pb_section fb_built=\u00a0\u00bb1&Prime; admin_label=\u00a0\u00bbFR header\u00a0\u00bb _builder_version=\u00a0\u00bb4.16&Prime; width=\u00a0\u00bb100%\u00a0\u00bb max_width=\u00a0\u00bb100%\u00a0\u00bb custom_padding=\u00a0\u00bb0px||40px||false|false\u00a0\u00bb global_module=\u00a0\u00bb237589&Prime; saved_tabs=\u00a0\u00bball\u00a0\u00bb global_colors_info=\u00a0\u00bb{}\u00a0\u00bb][et_pb_row admin_label=\u00a0\u00bbFR Ligne\u00a0\u00bb _builder_version=\u00a0\u00bb4.16&Prime; background_size=\u00a0\u00bbinitial\u00a0\u00bb background_position=\u00a0\u00bbtop_left\u00a0\u00bb background_repeat=\u00a0\u00bbrepeat\u00a0\u00bb custom_margin=\u00a0\u00bb0px||0px||false|false\u00a0\u00bb global_colors_info=\u00a0\u00bb{}\u00a0\u00bb][et_pb_column type=\u00a0\u00bb4_4&Prime; _builder_version=\u00a0\u00bb4.16&Prime; custom_padding=\u00a0\u00bb|||\u00a0\u00bb global_colors_info=\u00a0\u00bb{}\u00a0\u00bb custom_padding__hover=\u00a0\u00bb|||\u00a0\u00bb][et_pb_text admin_label=\u00a0\u00bbFR Torna\u00a0\u00bb module_class=\u00a0\u00bbtorna-news\u00a0\u00bb _builder_version=\u00a0\u00bb4.27.4&Prime; text_font_size=\u00a0\u00bb15px\u00a0\u00bb text_line_height=\u00a0\u00bb1em\u00a0\u00bb background_size=\u00a0\u00bbinitial\u00a0\u00bb background_position=\u00a0\u00bbtop_left\u00a0\u00bb background_repeat=\u00a0\u00bbrepeat\u00a0\u00bb custom_margin=\u00a0\u00bb0px||15px||false|false\u00a0\u00bb custom_padding=\u00a0\u00bb0px||||false|false\u00a0\u00bb hover_enabled=\u00a0\u00bb0&Prime; global_colors_info=\u00a0\u00bb{}\u00a0\u00bb sticky_enabled=\u00a0\u00bb0&Prime;]<a href=\"\/fr\/news\/\">&lt; toutes les news<\/a>[\/et_pb_text][et_pb_text admin_label=\u00a0\u00bbFR Data\u00a0\u00bb _builder_version=\u00a0\u00bb4.16&Prime; _dynamic_attributes=\u00a0\u00bbcontent\u00a0\u00bb text_font_size=\u00a0\u00bb19px\u00a0\u00bb text_line_height=\u00a0\u00bb1em\u00a0\u00bb background_size=\u00a0\u00bbinitial\u00a0\u00bb background_position=\u00a0\u00bbtop_left\u00a0\u00bb background_repeat=\u00a0\u00bbrepeat\u00a0\u00bb text_orientation=\u00a0\u00bbcenter\u00a0\u00bb custom_margin=\u00a0\u00bb||15px||false|false\u00a0\u00bb custom_padding=\u00a0\u00bb20px||||false|false\u00a0\u00bb global_colors_info=\u00a0\u00bb{}\u00a0\u00bb]@ET-DC@eyJkeW5hbWljIjp0cnVlLCJjb250ZW50IjoicG9zdF9kYXRlIiwic2V0dGluZ3MiOnsiYmVmb3JlIjoiIiwiYWZ0ZXIiOiIiLCJkYXRlX2Zvcm1hdCI6ImogTSwgWSIsImN1c3RvbV9kYXRlX2Zvcm1hdCI6IiJ9fQ==@[\/et_pb_text][et_pb_text admin_label=\u00a0\u00bbFR Titolo\u00a0\u00bb _builder_version=\u00a0\u00bb4.16&Prime; _dynamic_attributes=\u00a0\u00bbcontent\u00a0\u00bb _module_preset=\u00a0\u00bbdefault\u00a0\u00bb text_font=\u00a0\u00bb|600||on|||||\u00a0\u00bb text_font_size=\u00a0\u00bb26px\u00a0\u00bb text_orientation=\u00a0\u00bbcenter\u00a0\u00bb custom_margin=\u00a0\u00bb15px||||false|false\u00a0\u00bb global_colors_info=\u00a0\u00bb{}\u00a0\u00bb]@ET-DC@eyJkeW5hbWljIjp0cnVlLCJjb250ZW50IjoicG9zdF90aXRsZSIsInNldHRpbmdzIjp7ImJlZm9yZSI6IiIsImFmdGVyIjoiIn19@[\/et_pb_text][\/et_pb_column][\/et_pb_row][\/et_pb_section][et_pb_section fb_built=\u00a0\u00bb1&Prime; _builder_version=\u00a0\u00bb4.16&Prime; _module_preset=\u00a0\u00bbdefault\u00a0\u00bb custom_margin=\u00a0\u00bb0px||0px||false|false\u00a0\u00bb custom_padding=\u00a0\u00bb0px||0px||false|false\u00a0\u00bb global_module=\u00a0\u00bb237594&Prime; saved_tabs=\u00a0\u00bball\u00a0\u00bb global_colors_info=\u00a0\u00bb{}\u00a0\u00bb][et_pb_row admin_label=\u00a0\u00bbFR Ligne\u00a0\u00bb _builder_version=\u00a0\u00bb4.16&Prime; _dynamic_attributes=\u00a0\u00bbbackground_image\u00a0\u00bb _module_preset=\u00a0\u00bbdefault\u00a0\u00bb background_image=\u00a0\u00bb@ET-DC@eyJkeW5hbWljIjp0cnVlLCJjb250ZW50IjoicG9zdF9mZWF0dXJlZF9pbWFnZSIsInNldHRpbmdzIjp7fX0=@\u00a0\u00bb width=\u00a0\u00bb100%\u00a0\u00bb max_width=\u00a0\u00bb100%\u00a0\u00bb height=\u00a0\u00bb80vh\u00a0\u00bb global_colors_info=\u00a0\u00bb{}\u00a0\u00bb][et_pb_column type=\u00a0\u00bb4_4&Prime; _builder_version=\u00a0\u00bb4.16&Prime; _module_preset=\u00a0\u00bbdefault\u00a0\u00bb global_colors_info=\u00a0\u00bb{}\u00a0\u00bb][\/et_pb_column][\/et_pb_row][\/et_pb_section][et_pb_section fb_built=\u00a0\u00bb1&Prime; _builder_version=\u00a0\u00bb4.27.0&Prime; custom_margin=\u00a0\u00bb||0px||false|false\u00a0\u00bb custom_padding=\u00a0\u00bb||0px||false|false\u00a0\u00bb global_colors_info=\u00a0\u00bb{}\u00a0\u00bb][et_pb_row _builder_version=\u00a0\u00bb4.27.0&Prime; background_size=\u00a0\u00bbinitial\u00a0\u00bb background_position=\u00a0\u00bbtop_left\u00a0\u00bb background_repeat=\u00a0\u00bbrepeat\u00a0\u00bb width=\u00a0\u00bb60%\u00a0\u00bb width_tablet=\u00a0\u00bb80%\u00a0\u00bb width_phone=\u00a0\u00bb80%\u00a0\u00bb width_last_edited=\u00a0\u00bbon|desktop\u00a0\u00bb max_width=\u00a0\u00bb780px\u00a0\u00bb custom_margin=\u00a0\u00bb0px||0px||false|false\u00a0\u00bb custom_padding=\u00a0\u00bb0px||0px||false|false\u00a0\u00bb global_colors_info=\u00a0\u00bb{}\u00a0\u00bb][et_pb_column type=\u00a0\u00bb4_4&Prime; _builder_version=\u00a0\u00bb4.16&Prime; custom_padding=\u00a0\u00bb|||\u00a0\u00bb global_colors_info=\u00a0\u00bb{}\u00a0\u00bb custom_padding__hover=\u00a0\u00bb|||\u00a0\u00bb][et_pb_text admin_label=\u00a0\u00bbTesto\u00a0\u00bb _builder_version=\u00a0\u00bb4.27.4&Prime; background_size=\u00a0\u00bbinitial\u00a0\u00bb background_position=\u00a0\u00bbtop_left\u00a0\u00bb background_repeat=\u00a0\u00bbrepeat\u00a0\u00bb link_option_url_new_window=\u00a0\u00bbon\u00a0\u00bb global_colors_info=\u00a0\u00bb{}\u00a0\u00bb]<strong>Dal 7 al 13 aprile 2025<\/strong>, in occasione del <strong>Fuorisalone<\/strong>, lo showroom di CUF Milano si trasformer\u00e0 in un vero e proprio <strong>Office Playground<\/strong>, un\u2019installazione pensata per riscoprire il valore della pausa nel mondo del lavoro. L\u2019iniziativa esplora il design come strumento per favorire il benessere e la connessione tra le persone negli ambienti professionali.<br \/>\nTra isole di relax, aree gioco e spazi di interazione, Office Playground offrir\u00e0 una nuova prospettiva sulla progettazione degli uffici, presentando soluzioni innovative come<strong> Interlocking<\/strong>, il sistema di scrivanie sostenibile vincitore del Premio ADA 2024, <strong>Mobi<\/strong>, pensato per il lavoro ibrido, e <strong>Diva<\/strong> un sistema modulare di imbottiti per ambienti lavorativi pi\u00f9 confortevoli. L\u2019allestimento \u00e8 realizzato in collaborazione con Fellowes, Berlin Acoustics, RS Barcelona e Technogym, integrando il movimento ed il benessere all\u2019interno della pausa lavorativa.<\/p>\n<h2>9 APRILE \u2013 ARCHITORNEO: LA SFIDA TRA ARCHITETTI<\/h2>\n<p>Mercoled\u00ec 9 aprile, alle ore 18:30, CUF Milano ospiter\u00e0 la <strong>5\u00b0 edizione dell\u2019Architorneo<\/strong>, l\u2019attesissimo torneo di calciobalilla per architetti, progettisti e designer. Un\u2019occasione di networking e divertimento, con in palio un esclusivo <strong>calciobalilla RS Barcelona.<\/strong><br \/>\nIscrizioni aperte dal 21 Marzo fino al 4 aprile: R.S.V.P. a rosales@cufmilano.com<br \/>\n<a href=\"https:\/\/www.cufmilano.com\/wp-content\/uploads\/2025\/03\/Regolamento_Architorneo_2025-1.pdf\" target=\"_blank\" rel=\"noopener\">Scarica il Regolamento completo<\/a><\/p>\n<h2>10 APRILE \u2013 OFFICE PLAYGROUND PARTY: DESIGN, MUSICA E CONNESSIONI<\/h2>\n<p>Gioved\u00ec 10 aprile, dalle 18:30 alle 22:00, CUF Milano celebra la creativit\u00e0 e la socialit\u00e0 con Office Playground Party. Un evento esclusivo tra design, musica e networking, accompagnato da un DJ set e dalle installazioni realizzate con i partner dell\u2019evento.<br \/>\n<strong>Open bar &amp; DJ set<\/strong><br \/>\n<strong>Showroom CUF Milano \u2013 Via Gaspare Rosales, 3\/5, Milano<\/strong><br \/>\nNon perdere l\u2019occasione di scoprire un nuovo modo di vivere l\u2019ufficio!<br \/>\nSegui l\u2019evento sui nostri canali social per contenuti esclusivi e dirette live.<br \/>\n[\/et_pb_text][\/et_pb_column][\/et_pb_row][\/et_pb_section][et_pb_section fb_built=\u00a0\u00bb1&Prime; admin_label=\u00a0\u00bbIT Segui social CufMilano\u00a0\u00bb _builder_version=\u00a0\u00bb4.27.0&Prime; custom_margin=\u00a0\u00bb0px||||false|false\u00a0\u00bb custom_padding=\u00a0\u00bb0px||||false|false\u00a0\u00bb saved_tabs=\u00a0\u00bball\u00a0\u00bb global_colors_info=\u00a0\u00bb{}\u00a0\u00bb][et_pb_row _builder_version=\u00a0\u00bb4.27.0&Prime; background_size=\u00a0\u00bbinitial\u00a0\u00bb background_position=\u00a0\u00bbtop_left\u00a0\u00bb background_repeat=\u00a0\u00bbrepeat\u00a0\u00bb width=\u00a0\u00bb60%\u00a0\u00bb width_tablet=\u00a0\u00bb80%\u00a0\u00bb width_phone=\u00a0\u00bb80%\u00a0\u00bb width_last_edited=\u00a0\u00bbon|desktop\u00a0\u00bb max_width=\u00a0\u00bb780px\u00a0\u00bb custom_margin=\u00a0\u00bb15px||||false|false\u00a0\u00bb custom_padding=\u00a0\u00bb0px||||false|false\u00a0\u00bb global_colors_info=\u00a0\u00bb{}\u00a0\u00bb][et_pb_column type=\u00a0\u00bb4_4&Prime; _builder_version=\u00a0\u00bb4.16&Prime; custom_padding=\u00a0\u00bb|||\u00a0\u00bb global_colors_info=\u00a0\u00bb{}\u00a0\u00bb custom_padding__hover=\u00a0\u00bb|||\u00a0\u00bb][et_pb_text admin_label=\u00a0\u00bbTesto\u00a0\u00bb _builder_version=\u00a0\u00bb4.27.0&Prime; text_font=\u00a0\u00bb|700||on|||||\u00a0\u00bb text_font_size=\u00a0\u00bb13px\u00a0\u00bb background_size=\u00a0\u00bbinitial\u00a0\u00bb background_position=\u00a0\u00bbtop_left\u00a0\u00bb background_repeat=\u00a0\u00bbrepeat\u00a0\u00bb custom_margin=\u00a0\u00bb0px||6px||false|false\u00a0\u00bb custom_padding=\u00a0\u00bb0px||0px||false|false\u00a0\u00bb link_option_url_new_window=\u00a0\u00bbon\u00a0\u00bb global_colors_info=\u00a0\u00bb{}\u00a0\u00bb]Follow Us:<br \/>\n[\/et_pb_text][et_pb_social_media_follow _builder_version=\u00a0\u00bb4.27.0&Prime; _module_preset=\u00a0\u00bbdefault\u00a0\u00bb text_orientation=\u00a0\u00bbleft\u00a0\u00bb global_colors_info=\u00a0\u00bb{}\u00a0\u00bb][et_pb_social_media_follow_network social_network=\u00a0\u00bbfacebook\u00a0\u00bb url=\u00a0\u00bbhttps:\/\/www.facebook.com\/CentrufficioLoreto\/\u00a0\u00bb _builder_version=\u00a0\u00bb4.27.0&Prime; _module_preset=\u00a0\u00bbdefault\u00a0\u00bb background_color=\u00a0\u00bb#3b5998&Prime; custom_margin=\u00a0\u00bb|||-14px|false|false\u00a0\u00bb custom_padding=\u00a0\u00bb|||0px|false|false\u00a0\u00bb global_colors_info=\u00a0\u00bb{}\u00a0\u00bb follow_button=\u00a0\u00bboff\u00a0\u00bb url_new_window=\u00a0\u00bbon\u00a0\u00bb]facebook[\/et_pb_social_media_follow_network][et_pb_social_media_follow_network social_network=\u00a0\u00bblinkedin\u00a0\u00bb url=\u00a0\u00bbhttp:\/\/www.linkedin.com\/company\/centrufficio-loreto-spa?trk=hb_tab_compy_id_2505605&Prime; _builder_version=\u00a0\u00bb4.27.0&Prime; _module_preset=\u00a0\u00bbdefault\u00a0\u00bb background_color=\u00a0\u00bb#007bb6&Prime; global_colors_info=\u00a0\u00bb{}\u00a0\u00bb follow_button=\u00a0\u00bboff\u00a0\u00bb url_new_window=\u00a0\u00bbon\u00a0\u00bb]linkedin[\/et_pb_social_media_follow_network][et_pb_social_media_follow_network social_network=\u00a0\u00bbinstagram\u00a0\u00bb url=\u00a0\u00bbhttps:\/\/www.instagram.com\/cuf_milano\/\u00a0\u00bb _builder_version=\u00a0\u00bb4.27.0&Prime; _module_preset=\u00a0\u00bbdefault\u00a0\u00bb background_color=\u00a0\u00bb#ea2c59&Prime; global_colors_info=\u00a0\u00bb{}\u00a0\u00bb follow_button=\u00a0\u00bboff\u00a0\u00bb url_new_window=\u00a0\u00bbon\u00a0\u00bb]instagram[\/et_pb_social_media_follow_network][et_pb_social_media_follow_network social_network=\u00a0\u00bbpinterest\u00a0\u00bb url=\u00a0\u00bbhttps:\/\/it.pinterest.com\/centrufficiospa\/\u00a0\u00bb _builder_version=\u00a0\u00bb4.27.0&Prime; _module_preset=\u00a0\u00bbdefault\u00a0\u00bb background_color=\u00a0\u00bb#cb2027&Prime; global_colors_info=\u00a0\u00bb{}\u00a0\u00bb follow_button=\u00a0\u00bboff\u00a0\u00bb url_new_window=\u00a0\u00bbon\u00a0\u00bb]pinterest[\/et_pb_social_media_follow_network][et_pb_social_media_follow_network social_network=\u00a0\u00bbyoutube\u00a0\u00bb url=\u00a0\u00bbhttps:\/\/www.youtube.com\/@Centrufficiospa\/videos\u00a0\u00bb _builder_version=\u00a0\u00bb4.27.0&Prime; _module_preset=\u00a0\u00bbdefault\u00a0\u00bb background_color=\u00a0\u00bb#a82400&Prime; global_colors_info=\u00a0\u00bb{}\u00a0\u00bb follow_button=\u00a0\u00bboff\u00a0\u00bb url_new_window=\u00a0\u00bbon\u00a0\u00bb]youtube[\/et_pb_social_media_follow_network][\/et_pb_social_media_follow][et_pb_gallery gallery_ids=\u00a0\u00bb279892,279895,280248,280251,280254,280260,280263,280266,280269,280272&Prime; fullwidth=\u00a0\u00bbon\u00a0\u00bb _builder_version=\u00a0\u00bb4.27.4&Prime; _module_preset=\u00a0\u00bbdefault\u00a0\u00bb pagination_text_color=\u00a0\u00bb#E02B20&Prime; locked=\u00a0\u00bboff\u00a0\u00bb global_colors_info=\u00a0\u00bb{}\u00a0\u00bb][\/et_pb_gallery][et_pb_cta title=\u00a0\u00bbScarica il presskit\u00a0\u00bb button_url=\u00a0\u00bbhttps:\/\/www.cufmilano.com\/fr\/press-kits\/\u00a0\u00bb url_new_window=\u00a0\u00bbon\u00a0\u00bb button_text=\u00a0\u00bbclicca qui\u00a0\u00bb _builder_version=\u00a0\u00bb4.27.4&Prime; _module_preset=\u00a0\u00bbdefault\u00a0\u00bb link_option_url=\u00a0\u00bbhttps:\/\/www.cufmilano.com\/fr\/press-kits\/\u00a0\u00bb link_option_url_new_window=\u00a0\u00bbon\u00a0\u00bb global_colors_info=\u00a0\u00bb{}\u00a0\u00bb][\/et_pb_cta][\/et_pb_column][\/et_pb_row][\/et_pb_section]<\/p>\n","protected":false},"excerpt":{"rendered":"<p>Du 7 au 13 avril 2025, pendant le Fuorisalone, le showroom de CUF Milano sera transform\u00e9 en un v\u00e9ritable Office Playground, une installation con\u00e7ue pour red\u00e9couvrir la valeur de la pause dans le monde du travail. <\/p>\n","protected":false},"author":6,"featured_media":279885,"comment_status":"closed","ping_status":"open","sticky":false,"template":"","format":"standard","meta":{"_et_pb_use_builder":"on","_et_pb_old_content":"","_et_gb_content_width":"","footnotes":""},"categories":[198],"tags":[],"class_list":["post-279867","post","type-post","status-publish","format-standard","has-post-thumbnail","hentry","category-news-fr"],"yoast_head":"<!-- This site is optimized with the Yoast SEO plugin v27.4 - https:\/\/yoast.com\/product\/yoast-seo-wordpress\/ -->\n<title>OFFICE PLAYGROUND : CUF Milano red\u00e9finit le concept de pause \u00e0 la Semaine du design de Milan 2025 - CUF Milano | Furnishing and Design Office Furniture<\/title>\n<meta name=\"robots\" content=\"index, follow, max-snippet:-1, max-image-preview:large, max-video-preview:-1\" \/>\n<link rel=\"canonical\" href=\"https:\/\/www.cufmilano.com\/fr\/office-playground-cuf-milano-redefinit-le-concept-de-pause-a-la-semaine-du-design-de-milan-2025\/\" \/>\n<meta property=\"og:locale\" content=\"fr_FR\" \/>\n<meta property=\"og:type\" content=\"article\" \/>\n<meta property=\"og:title\" content=\"OFFICE PLAYGROUND : CUF Milano red\u00e9finit le concept de pause \u00e0 la Semaine du design de Milan 2025 - CUF Milano | Furnishing and Design Office Furniture\" \/>\n<meta property=\"og:description\" content=\"Du 7 au 13 avril 2025, pendant le Fuorisalone, le showroom de CUF Milano sera transform\u00e9 en un v\u00e9ritable Office Playground, une installation con\u00e7ue pour red\u00e9couvrir la valeur de la pause dans le monde du travail.\" \/>\n<meta property=\"og:url\" content=\"https:\/\/www.cufmilano.com\/fr\/office-playground-cuf-milano-redefinit-le-concept-de-pause-a-la-semaine-du-design-de-milan-2025\/\" \/>\n<meta property=\"og:site_name\" content=\"CUF Milano | Furnishing and Design Office Furniture\" \/>\n<meta property=\"article:published_time\" content=\"2025-03-21T06:00:06+00:00\" \/>\n<meta property=\"article:modified_time\" content=\"2025-09-03T17:18:17+00:00\" \/>\n<meta property=\"og:image\" content=\"https:\/\/www.cufmilano.com\/wp-content\/uploads\/2025\/03\/banner-news-fuorisalone2025-cufmilano.jpg\" \/>\n\t<meta property=\"og:image:width\" content=\"2000\" \/>\n\t<meta property=\"og:image:height\" content=\"1300\" \/>\n\t<meta property=\"og:image:type\" content=\"image\/jpeg\" \/>\n<meta name=\"author\" content=\"rosy Natale\" \/>\n<meta name=\"twitter:card\" content=\"summary_large_image\" \/>\n<meta name=\"twitter:label1\" content=\"\u00c9crit par\" \/>\n\t<meta name=\"twitter:data1\" content=\"rosy Natale\" \/>\n\t<meta name=\"twitter:label2\" content=\"Dur\u00e9e de lecture estim\u00e9e\" \/>\n\t<meta name=\"twitter:data2\" content=\"4 minutes\" \/>\n<script type=\"application\/ld+json\" class=\"yoast-schema-graph\">{\"@context\":\"https:\\\/\\\/schema.org\",\"@graph\":[{\"@type\":\"Article\",\"@id\":\"https:\\\/\\\/www.cufmilano.com\\\/fr\\\/office-playground-cuf-milano-redefinit-le-concept-de-pause-a-la-semaine-du-design-de-milan-2025\\\/#article\",\"isPartOf\":{\"@id\":\"https:\\\/\\\/www.cufmilano.com\\\/fr\\\/office-playground-cuf-milano-redefinit-le-concept-de-pause-a-la-semaine-du-design-de-milan-2025\\\/\"},\"author\":{\"name\":\"rosy Natale\",\"@id\":\"https:\\\/\\\/www.cufmilano.com\\\/fr\\\/#\\\/schema\\\/person\\\/506b830ec72796fd208be3c751bf0cea\"},\"headline\":\"OFFICE PLAYGROUND : CUF Milano red\u00e9finit le concept de pause \u00e0 la Semaine du design de Milan 2025\",\"datePublished\":\"2025-03-21T06:00:06+00:00\",\"dateModified\":\"2025-09-03T17:18:17+00:00\",\"mainEntityOfPage\":{\"@id\":\"https:\\\/\\\/www.cufmilano.com\\\/fr\\\/office-playground-cuf-milano-redefinit-le-concept-de-pause-a-la-semaine-du-design-de-milan-2025\\\/\"},\"wordCount\":1206,\"image\":{\"@id\":\"https:\\\/\\\/www.cufmilano.com\\\/fr\\\/office-playground-cuf-milano-redefinit-le-concept-de-pause-a-la-semaine-du-design-de-milan-2025\\\/#primaryimage\"},\"thumbnailUrl\":\"https:\\\/\\\/www.cufmilano.com\\\/wp-content\\\/uploads\\\/2025\\\/03\\\/banner-news-fuorisalone2025-cufmilano.jpg\",\"articleSection\":[\"News\"],\"inLanguage\":\"fr-FR\"},{\"@type\":\"WebPage\",\"@id\":\"https:\\\/\\\/www.cufmilano.com\\\/fr\\\/office-playground-cuf-milano-redefinit-le-concept-de-pause-a-la-semaine-du-design-de-milan-2025\\\/\",\"url\":\"https:\\\/\\\/www.cufmilano.com\\\/fr\\\/office-playground-cuf-milano-redefinit-le-concept-de-pause-a-la-semaine-du-design-de-milan-2025\\\/\",\"name\":\"OFFICE PLAYGROUND : CUF Milano red\u00e9finit le concept de pause \u00e0 la Semaine du design de Milan 2025 - CUF Milano | Furnishing and Design Office Furniture\",\"isPartOf\":{\"@id\":\"https:\\\/\\\/www.cufmilano.com\\\/fr\\\/#website\"},\"primaryImageOfPage\":{\"@id\":\"https:\\\/\\\/www.cufmilano.com\\\/fr\\\/office-playground-cuf-milano-redefinit-le-concept-de-pause-a-la-semaine-du-design-de-milan-2025\\\/#primaryimage\"},\"image\":{\"@id\":\"https:\\\/\\\/www.cufmilano.com\\\/fr\\\/office-playground-cuf-milano-redefinit-le-concept-de-pause-a-la-semaine-du-design-de-milan-2025\\\/#primaryimage\"},\"thumbnailUrl\":\"https:\\\/\\\/www.cufmilano.com\\\/wp-content\\\/uploads\\\/2025\\\/03\\\/banner-news-fuorisalone2025-cufmilano.jpg\",\"datePublished\":\"2025-03-21T06:00:06+00:00\",\"dateModified\":\"2025-09-03T17:18:17+00:00\",\"author\":{\"@id\":\"https:\\\/\\\/www.cufmilano.com\\\/fr\\\/#\\\/schema\\\/person\\\/506b830ec72796fd208be3c751bf0cea\"},\"breadcrumb\":{\"@id\":\"https:\\\/\\\/www.cufmilano.com\\\/fr\\\/office-playground-cuf-milano-redefinit-le-concept-de-pause-a-la-semaine-du-design-de-milan-2025\\\/#breadcrumb\"},\"inLanguage\":\"fr-FR\",\"potentialAction\":[{\"@type\":\"ReadAction\",\"target\":[\"https:\\\/\\\/www.cufmilano.com\\\/fr\\\/office-playground-cuf-milano-redefinit-le-concept-de-pause-a-la-semaine-du-design-de-milan-2025\\\/\"]}]},{\"@type\":\"ImageObject\",\"inLanguage\":\"fr-FR\",\"@id\":\"https:\\\/\\\/www.cufmilano.com\\\/fr\\\/office-playground-cuf-milano-redefinit-le-concept-de-pause-a-la-semaine-du-design-de-milan-2025\\\/#primaryimage\",\"url\":\"https:\\\/\\\/www.cufmilano.com\\\/wp-content\\\/uploads\\\/2025\\\/03\\\/banner-news-fuorisalone2025-cufmilano.jpg\",\"contentUrl\":\"https:\\\/\\\/www.cufmilano.com\\\/wp-content\\\/uploads\\\/2025\\\/03\\\/banner-news-fuorisalone2025-cufmilano.jpg\",\"width\":2000,\"height\":1300},{\"@type\":\"BreadcrumbList\",\"@id\":\"https:\\\/\\\/www.cufmilano.com\\\/fr\\\/office-playground-cuf-milano-redefinit-le-concept-de-pause-a-la-semaine-du-design-de-milan-2025\\\/#breadcrumb\",\"itemListElement\":[{\"@type\":\"ListItem\",\"position\":1,\"name\":\"Home\",\"item\":\"https:\\\/\\\/www.cufmilano.com\\\/fr\\\/\"},{\"@type\":\"ListItem\",\"position\":2,\"name\":\"OFFICE PLAYGROUND : CUF Milano red\u00e9finit le concept de pause \u00e0 la Semaine du design de Milan 2025\"}]},{\"@type\":\"WebSite\",\"@id\":\"https:\\\/\\\/www.cufmilano.com\\\/fr\\\/#website\",\"url\":\"https:\\\/\\\/www.cufmilano.com\\\/fr\\\/\",\"name\":\"CUF Milano | Furnishing and Design Office Furniture\",\"description\":\"CUF Milano is specialized in the sale and production of design office furniture, chairs, armchairs, cabinets and partitions.\",\"potentialAction\":[{\"@type\":\"SearchAction\",\"target\":{\"@type\":\"EntryPoint\",\"urlTemplate\":\"https:\\\/\\\/www.cufmilano.com\\\/fr\\\/?s={search_term_string}\"},\"query-input\":{\"@type\":\"PropertyValueSpecification\",\"valueRequired\":true,\"valueName\":\"search_term_string\"}}],\"inLanguage\":\"fr-FR\"},{\"@type\":\"Person\",\"@id\":\"https:\\\/\\\/www.cufmilano.com\\\/fr\\\/#\\\/schema\\\/person\\\/506b830ec72796fd208be3c751bf0cea\",\"name\":\"rosy Natale\",\"image\":{\"@type\":\"ImageObject\",\"inLanguage\":\"fr-FR\",\"@id\":\"https:\\\/\\\/secure.gravatar.com\\\/avatar\\\/c53f27ff539d03e2565053aef53a6aae9c55d8ca6c0c2fd0700a38c18b37bdf6?s=96&d=mm&r=g\",\"url\":\"https:\\\/\\\/secure.gravatar.com\\\/avatar\\\/c53f27ff539d03e2565053aef53a6aae9c55d8ca6c0c2fd0700a38c18b37bdf6?s=96&d=mm&r=g\",\"contentUrl\":\"https:\\\/\\\/secure.gravatar.com\\\/avatar\\\/c53f27ff539d03e2565053aef53a6aae9c55d8ca6c0c2fd0700a38c18b37bdf6?s=96&d=mm&r=g\",\"caption\":\"rosy Natale\"},\"url\":\"https:\\\/\\\/www.cufmilano.com\\\/fr\\\/author\\\/rosy\\\/\"}]}<\/script>\n<!-- \/ Yoast SEO plugin. -->","yoast_head_json":{"title":"OFFICE PLAYGROUND : CUF Milano red\u00e9finit le concept de pause \u00e0 la Semaine du design de Milan 2025 - CUF Milano | Furnishing and Design Office Furniture","robots":{"index":"index","follow":"follow","max-snippet":"max-snippet:-1","max-image-preview":"max-image-preview:large","max-video-preview":"max-video-preview:-1"},"canonical":"https:\/\/www.cufmilano.com\/fr\/office-playground-cuf-milano-redefinit-le-concept-de-pause-a-la-semaine-du-design-de-milan-2025\/","og_locale":"fr_FR","og_type":"article","og_title":"OFFICE PLAYGROUND : CUF Milano red\u00e9finit le concept de pause \u00e0 la Semaine du design de Milan 2025 - CUF Milano | Furnishing and Design Office Furniture","og_description":"Du 7 au 13 avril 2025, pendant le Fuorisalone, le showroom de CUF Milano sera transform\u00e9 en un v\u00e9ritable Office Playground, une installation con\u00e7ue pour red\u00e9couvrir la valeur de la pause dans le monde du travail.","og_url":"https:\/\/www.cufmilano.com\/fr\/office-playground-cuf-milano-redefinit-le-concept-de-pause-a-la-semaine-du-design-de-milan-2025\/","og_site_name":"CUF Milano | Furnishing and Design Office Furniture","article_published_time":"2025-03-21T06:00:06+00:00","article_modified_time":"2025-09-03T17:18:17+00:00","og_image":[{"width":2000,"height":1300,"url":"https:\/\/www.cufmilano.com\/wp-content\/uploads\/2025\/03\/banner-news-fuorisalone2025-cufmilano.jpg","type":"image\/jpeg"}],"author":"rosy Natale","twitter_card":"summary_large_image","twitter_misc":{"\u00c9crit par":"rosy Natale","Dur\u00e9e de lecture estim\u00e9e":"4 minutes"},"schema":{"@context":"https:\/\/schema.org","@graph":[{"@type":"Article","@id":"https:\/\/www.cufmilano.com\/fr\/office-playground-cuf-milano-redefinit-le-concept-de-pause-a-la-semaine-du-design-de-milan-2025\/#article","isPartOf":{"@id":"https:\/\/www.cufmilano.com\/fr\/office-playground-cuf-milano-redefinit-le-concept-de-pause-a-la-semaine-du-design-de-milan-2025\/"},"author":{"name":"rosy Natale","@id":"https:\/\/www.cufmilano.com\/fr\/#\/schema\/person\/506b830ec72796fd208be3c751bf0cea"},"headline":"OFFICE PLAYGROUND : CUF Milano red\u00e9finit le concept de pause \u00e0 la Semaine du design de Milan 2025","datePublished":"2025-03-21T06:00:06+00:00","dateModified":"2025-09-03T17:18:17+00:00","mainEntityOfPage":{"@id":"https:\/\/www.cufmilano.com\/fr\/office-playground-cuf-milano-redefinit-le-concept-de-pause-a-la-semaine-du-design-de-milan-2025\/"},"wordCount":1206,"image":{"@id":"https:\/\/www.cufmilano.com\/fr\/office-playground-cuf-milano-redefinit-le-concept-de-pause-a-la-semaine-du-design-de-milan-2025\/#primaryimage"},"thumbnailUrl":"https:\/\/www.cufmilano.com\/wp-content\/uploads\/2025\/03\/banner-news-fuorisalone2025-cufmilano.jpg","articleSection":["News"],"inLanguage":"fr-FR"},{"@type":"WebPage","@id":"https:\/\/www.cufmilano.com\/fr\/office-playground-cuf-milano-redefinit-le-concept-de-pause-a-la-semaine-du-design-de-milan-2025\/","url":"https:\/\/www.cufmilano.com\/fr\/office-playground-cuf-milano-redefinit-le-concept-de-pause-a-la-semaine-du-design-de-milan-2025\/","name":"OFFICE PLAYGROUND : CUF Milano red\u00e9finit le concept de pause \u00e0 la Semaine du design de Milan 2025 - CUF Milano | Furnishing and Design Office Furniture","isPartOf":{"@id":"https:\/\/www.cufmilano.com\/fr\/#website"},"primaryImageOfPage":{"@id":"https:\/\/www.cufmilano.com\/fr\/office-playground-cuf-milano-redefinit-le-concept-de-pause-a-la-semaine-du-design-de-milan-2025\/#primaryimage"},"image":{"@id":"https:\/\/www.cufmilano.com\/fr\/office-playground-cuf-milano-redefinit-le-concept-de-pause-a-la-semaine-du-design-de-milan-2025\/#primaryimage"},"thumbnailUrl":"https:\/\/www.cufmilano.com\/wp-content\/uploads\/2025\/03\/banner-news-fuorisalone2025-cufmilano.jpg","datePublished":"2025-03-21T06:00:06+00:00","dateModified":"2025-09-03T17:18:17+00:00","author":{"@id":"https:\/\/www.cufmilano.com\/fr\/#\/schema\/person\/506b830ec72796fd208be3c751bf0cea"},"breadcrumb":{"@id":"https:\/\/www.cufmilano.com\/fr\/office-playground-cuf-milano-redefinit-le-concept-de-pause-a-la-semaine-du-design-de-milan-2025\/#breadcrumb"},"inLanguage":"fr-FR","potentialAction":[{"@type":"ReadAction","target":["https:\/\/www.cufmilano.com\/fr\/office-playground-cuf-milano-redefinit-le-concept-de-pause-a-la-semaine-du-design-de-milan-2025\/"]}]},{"@type":"ImageObject","inLanguage":"fr-FR","@id":"https:\/\/www.cufmilano.com\/fr\/office-playground-cuf-milano-redefinit-le-concept-de-pause-a-la-semaine-du-design-de-milan-2025\/#primaryimage","url":"https:\/\/www.cufmilano.com\/wp-content\/uploads\/2025\/03\/banner-news-fuorisalone2025-cufmilano.jpg","contentUrl":"https:\/\/www.cufmilano.com\/wp-content\/uploads\/2025\/03\/banner-news-fuorisalone2025-cufmilano.jpg","width":2000,"height":1300},{"@type":"BreadcrumbList","@id":"https:\/\/www.cufmilano.com\/fr\/office-playground-cuf-milano-redefinit-le-concept-de-pause-a-la-semaine-du-design-de-milan-2025\/#breadcrumb","itemListElement":[{"@type":"ListItem","position":1,"name":"Home","item":"https:\/\/www.cufmilano.com\/fr\/"},{"@type":"ListItem","position":2,"name":"OFFICE PLAYGROUND : CUF Milano red\u00e9finit le concept de pause \u00e0 la Semaine du design de Milan 2025"}]},{"@type":"WebSite","@id":"https:\/\/www.cufmilano.com\/fr\/#website","url":"https:\/\/www.cufmilano.com\/fr\/","name":"CUF Milano | Furnishing and Design Office Furniture","description":"CUF Milano is specialized in the sale and production of design office furniture, chairs, armchairs, cabinets and partitions.","potentialAction":[{"@type":"SearchAction","target":{"@type":"EntryPoint","urlTemplate":"https:\/\/www.cufmilano.com\/fr\/?s={search_term_string}"},"query-input":{"@type":"PropertyValueSpecification","valueRequired":true,"valueName":"search_term_string"}}],"inLanguage":"fr-FR"},{"@type":"Person","@id":"https:\/\/www.cufmilano.com\/fr\/#\/schema\/person\/506b830ec72796fd208be3c751bf0cea","name":"rosy Natale","image":{"@type":"ImageObject","inLanguage":"fr-FR","@id":"https:\/\/secure.gravatar.com\/avatar\/c53f27ff539d03e2565053aef53a6aae9c55d8ca6c0c2fd0700a38c18b37bdf6?s=96&d=mm&r=g","url":"https:\/\/secure.gravatar.com\/avatar\/c53f27ff539d03e2565053aef53a6aae9c55d8ca6c0c2fd0700a38c18b37bdf6?s=96&d=mm&r=g","contentUrl":"https:\/\/secure.gravatar.com\/avatar\/c53f27ff539d03e2565053aef53a6aae9c55d8ca6c0c2fd0700a38c18b37bdf6?s=96&d=mm&r=g","caption":"rosy Natale"},"url":"https:\/\/www.cufmilano.com\/fr\/author\/rosy\/"}]}},"_links":{"self":[{"href":"https:\/\/www.cufmilano.com\/fr\/wp-json\/wp\/v2\/posts\/279867","targetHints":{"allow":["GET"]}}],"collection":[{"href":"https:\/\/www.cufmilano.com\/fr\/wp-json\/wp\/v2\/posts"}],"about":[{"href":"https:\/\/www.cufmilano.com\/fr\/wp-json\/wp\/v2\/types\/post"}],"author":[{"embeddable":true,"href":"https:\/\/www.cufmilano.com\/fr\/wp-json\/wp\/v2\/users\/6"}],"replies":[{"embeddable":true,"href":"https:\/\/www.cufmilano.com\/fr\/wp-json\/wp\/v2\/comments?post=279867"}],"version-history":[{"count":0,"href":"https:\/\/www.cufmilano.com\/fr\/wp-json\/wp\/v2\/posts\/279867\/revisions"}],"wp:featuredmedia":[{"embeddable":true,"href":"https:\/\/www.cufmilano.com\/fr\/wp-json\/wp\/v2\/media\/279885"}],"wp:attachment":[{"href":"https:\/\/www.cufmilano.com\/fr\/wp-json\/wp\/v2\/media?parent=279867"}],"wp:term":[{"taxonomy":"category","embeddable":true,"href":"https:\/\/www.cufmilano.com\/fr\/wp-json\/wp\/v2\/categories?post=279867"},{"taxonomy":"post_tag","embeddable":true,"href":"https:\/\/www.cufmilano.com\/fr\/wp-json\/wp\/v2\/tags?post=279867"}],"curies":[{"name":"wp","href":"https:\/\/api.w.org\/{rel}","templated":true}]}}