{"id":272222,"date":"2024-03-22T12:16:27","date_gmt":"2024-03-22T11:16:27","guid":{"rendered":"https:\/\/www.cufmilano.com\/?p=272222"},"modified":"2024-03-22T14:02:33","modified_gmt":"2024-03-22T13:02:33","slug":"lufficio-del-benessere-di-cufmilano-al-prossimo-fuorisalone-del-mobile","status":"publish","type":"post","link":"https:\/\/www.cufmilano.com\/it\/lufficio-del-benessere-di-cufmilano-al-prossimo-fuorisalone-del-mobile\/","title":{"rendered":"L\u2019ufficio del benessere di CUFMilano al prossimo Fuorisalone del Mobile"},"content":{"rendered":"<p>[et_pb_section fb_built=&#8221;1&#8243; admin_label=&#8221;header&#8221; _builder_version=&#8221;4.16&#8243; width=&#8221;100%&#8221; max_width=&#8221;100%&#8221; custom_padding=&#8221;0px||40px||false|false&#8221; global_module=&#8221;237589&#8243; saved_tabs=&#8221;all&#8221; global_colors_info=&#8221;{}&#8221;][et_pb_row _builder_version=&#8221;4.16&#8243; background_size=&#8221;initial&#8221; background_position=&#8221;top_left&#8221; background_repeat=&#8221;repeat&#8221; custom_margin=&#8221;0px||0px||false|false&#8221; global_colors_info=&#8221;{}&#8221;][et_pb_column type=&#8221;4_4&#8243; _builder_version=&#8221;4.16&#8243; custom_padding=&#8221;|||&#8221; global_colors_info=&#8221;{}&#8221; custom_padding__hover=&#8221;|||&#8221;][et_pb_text admin_label=&#8221;Torna&#8221; module_class=&#8221;torna-news&#8221; _builder_version=&#8221;4.18.0&#8243; text_font_size=&#8221;15px&#8221; text_line_height=&#8221;1em&#8221; background_size=&#8221;initial&#8221; background_position=&#8221;top_left&#8221; background_repeat=&#8221;repeat&#8221; custom_margin=&#8221;0px||15px||false|false&#8221; custom_padding=&#8221;0px||||false|false&#8221; global_colors_info=&#8221;{}&#8221;]<a href=\"\/news\/\">&lt; tutte le news<\/a>[\/et_pb_text][et_pb_text admin_label=&#8221;Data&#8221; _builder_version=&#8221;4.16&#8243; _dynamic_attributes=&#8221;content&#8221; text_font_size=&#8221;19px&#8221; text_line_height=&#8221;1em&#8221; background_size=&#8221;initial&#8221; background_position=&#8221;top_left&#8221; background_repeat=&#8221;repeat&#8221; text_orientation=&#8221;center&#8221; custom_margin=&#8221;||15px||false|false&#8221; custom_padding=&#8221;20px||||false|false&#8221; global_colors_info=&#8221;{}&#8221;]@ET-DC@eyJkeW5hbWljIjp0cnVlLCJjb250ZW50IjoicG9zdF9kYXRlIiwic2V0dGluZ3MiOnsiYmVmb3JlIjoiIiwiYWZ0ZXIiOiIiLCJkYXRlX2Zvcm1hdCI6ImogTSwgWSIsImN1c3RvbV9kYXRlX2Zvcm1hdCI6IiJ9fQ==@[\/et_pb_text][et_pb_text admin_label=&#8221;Titolo&#8221; _builder_version=&#8221;4.16&#8243; _dynamic_attributes=&#8221;content&#8221; _module_preset=&#8221;default&#8221; text_font=&#8221;|600||on|||||&#8221; text_font_size=&#8221;26px&#8221; text_orientation=&#8221;center&#8221; custom_margin=&#8221;15px||||false|false&#8221; global_colors_info=&#8221;{}&#8221;]@ET-DC@eyJkeW5hbWljIjp0cnVlLCJjb250ZW50IjoicG9zdF90aXRsZSIsInNldHRpbmdzIjp7ImJlZm9yZSI6IiIsImFmdGVyIjoiIn19@[\/et_pb_text][\/et_pb_column][\/et_pb_row][\/et_pb_section][et_pb_section fb_built=&#8221;1&#8243; _builder_version=&#8221;4.9.0&#8243; _module_preset=&#8221;default&#8221; custom_margin=&#8221;0px||0px||false|false&#8221; custom_padding=&#8221;0px||0px||false|false&#8221; global_module=&#8221;237594&#8243; saved_tabs=&#8221;all&#8221; global_colors_info=&#8221;{}&#8221;][et_pb_row _builder_version=&#8221;4.16&#8243; _dynamic_attributes=&#8221;background_image&#8221; _module_preset=&#8221;default&#8221; background_image=&#8221;@ET-DC@eyJkeW5hbWljIjp0cnVlLCJjb250ZW50IjoicG9zdF9mZWF0dXJlZF9pbWFnZSIsInNldHRpbmdzIjp7fX0=@&#8221; width=&#8221;100%&#8221; max_width=&#8221;100%&#8221; height=&#8221;80vh&#8221; global_colors_info=&#8221;{}&#8221;][et_pb_column type=&#8221;4_4&#8243; _builder_version=&#8221;4.16&#8243; _module_preset=&#8221;default&#8221; global_colors_info=&#8221;{}&#8221;][\/et_pb_column][\/et_pb_row][\/et_pb_section][et_pb_section fb_built=&#8221;1&#8243; _builder_version=&#8221;4.16&#8243; global_colors_info=&#8221;{}&#8221;][et_pb_row _builder_version=&#8221;4.16&#8243; background_size=&#8221;initial&#8221; background_position=&#8221;top_left&#8221; background_repeat=&#8221;repeat&#8221; width=&#8221;60%&#8221; width_tablet=&#8221;80%&#8221; width_phone=&#8221;80%&#8221; width_last_edited=&#8221;on|desktop&#8221; max_width=&#8221;780px&#8221; custom_margin=&#8221;0px||||false|false&#8221; custom_padding=&#8221;0px||||false|false&#8221; global_colors_info=&#8221;{}&#8221;][et_pb_column type=&#8221;4_4&#8243; _builder_version=&#8221;4.16&#8243; custom_padding=&#8221;|||&#8221; global_colors_info=&#8221;{}&#8221; custom_padding__hover=&#8221;|||&#8221;][et_pb_text admin_label=&#8221;Testo&#8221; _builder_version=&#8221;4.24.0&#8243; background_size=&#8221;initial&#8221; background_position=&#8221;top_left&#8221; background_repeat=&#8221;repeat&#8221; link_option_url_new_window=&#8221;on&#8221; global_colors_info=&#8221;{}&#8221;]<\/p>\n<h2 style=\"text-align: center;\">16-21 Aprile 2024<br \/>CUF Milano Showroom, Via Rosales, 3\/5 \u2013 Milano<\/p>\n<\/h2>\n<p>Un nuovo equilibrio fra lavoro e benessere si affaccia al FuoriSalone di Milano, che si terr\u00e0 dal 16 al 21 aprile 2024.<br \/><strong>CUF Milano,<\/strong> brand di Centrufficio S.p.A., propone al proprio FuoriSalone una sua visione dell\u2019ufficio del benessere, in cui si mescolano acustica, illuminazione, biofilia ed ergonomia.<br \/>Per poter rimarcare l\u2019aspetto legato al wellness nel mondo ufficio, CUF Milano, durante il FuoriSalone, organizza la <strong>4\u00b0 edizione dell\u2019Architorneo:<br \/><\/strong><\/p>\n<p style=\"text-align: center;\"><strong>ARCHITORNEO<\/strong><br \/><strong>17 aprile 2024<\/strong><br \/><strong>Dalle 18:00 alle 22:00<\/strong><br \/><strong>CUF Milano Showroom, via Rosales 3\/5 \u2013 Milano<\/strong><\/p>\n<p>Si tratta di un torneo di calcio balilla a squadre, dedicato ad architetti e designers italiani ed internazionali, che si svolger\u00e0 in un\u2019atmosfera ludica e informale, durante l\u2019Happy Hour milanese.<br \/>La squadra vincitrice si aggiudicher\u00e0 un calcio balilla di design del brand partner RS Barcelona.<br \/>Per informazioni o iscrizioni, scrivere a rosales@cufmilano.com.<br \/><a href=\"https:\/\/www.cufmilano.com\/wp-content\/uploads\/2024\/03\/Regolamento_Architorneo_2024.pdf\" target=\"_blank\" rel=\"noopener\">Clicca qui<\/a> per visionare il regolamento completo.<\/p>\n<p>All\u2019interno dello showroom, inoltre, verranno presentati i prodotti che incarnano l\u2019idea del benessere: oltre ai noti bench operativi Fusion e Seventy Seven, si affiancano le <strong>novit\u00e0 2024<\/strong>, come la nuova parete acustica Jaleed, il coloratissimo locker Lambrate, il direzionale Bold e novit\u00e0 dal mondo dell\u2019acustica, come il MiCasa.<\/p>\n<p>Ti aspettiamo!<\/p>\n<p>[\/et_pb_text][\/et_pb_column][\/et_pb_row][\/et_pb_section]<\/p>\n","protected":false},"excerpt":{"rendered":"<p>Un nuovo equilibrio fra lavoro e benessere si affaccia al FuoriSalone di Milano, che si terr\u00e0 dal 16 al 21 aprile 2024.<\/p>\n","protected":false},"author":6,"featured_media":272247,"comment_status":"closed","ping_status":"open","sticky":false,"template":"","format":"standard","meta":{"_et_pb_use_builder":"on","_et_pb_old_content":"In questi giorni stiamo tutti aspettando con impazienza il momento in cui le attivit\u00e0 potranno essere riprese.\r\nQuando succeder\u00e0, sar\u00e0 necessario effettuare una serie di accorgimenti perch\u00e9 gli ambienti di lavoro siano pi\u00f9 sicuri, alla luce delle nuove disposizioni e dei protocolli sanitari. Centrufficio arreda uffici da oltre 30 anni: conosciamo le peculiarit\u00e0 di confezionare spazi che siano accoglienti, sicuri, ed efficienti, perch\u00e9 destinati ad ospitare persone per molte ore della loro giornata.\r\nAbbiamo pertanto approntato un DECALOGO contenente dei consigli su come predisporre gli uffici alla riapertura, che condividiamo con voi in questi (si spera ultimi) giorni di quarantena.","_et_gb_content_width":"","footnotes":""},"categories":[81],"tags":[],"class_list":["post-272222","post","type-post","status-publish","format-standard","has-post-thumbnail","hentry","category-news"],"yoast_head":"<!-- This site is optimized with the Yoast SEO plugin v27.4 - https:\/\/yoast.com\/product\/yoast-seo-wordpress\/ -->\n<title>L\u2019ufficio del benessere di CUFMilano al prossimo Fuorisalone del Mobile - CUF Milano | Furnishing and Design Office Furniture<\/title>\n<meta name=\"robots\" content=\"index, follow, max-snippet:-1, max-image-preview:large, max-video-preview:-1\" \/>\n<link rel=\"canonical\" href=\"https:\/\/www.cufmilano.com\/it\/lufficio-del-benessere-di-cufmilano-al-prossimo-fuorisalone-del-mobile\/\" \/>\n<meta property=\"og:locale\" content=\"it_IT\" \/>\n<meta property=\"og:type\" content=\"article\" \/>\n<meta property=\"og:title\" content=\"L\u2019ufficio del benessere di CUFMilano al prossimo Fuorisalone del Mobile - CUF Milano | Furnishing and Design Office Furniture\" \/>\n<meta property=\"og:description\" content=\"Un nuovo equilibrio fra lavoro e benessere si affaccia al FuoriSalone di Milano, che si terr\u00e0 dal 16 al 21 aprile 2024.\" \/>\n<meta property=\"og:url\" content=\"https:\/\/www.cufmilano.com\/it\/lufficio-del-benessere-di-cufmilano-al-prossimo-fuorisalone-del-mobile\/\" \/>\n<meta property=\"og:site_name\" content=\"CUF Milano | Furnishing and Design Office Furniture\" \/>\n<meta property=\"article:published_time\" content=\"2024-03-22T11:16:27+00:00\" \/>\n<meta property=\"article:modified_time\" content=\"2024-03-22T13:02:33+00:00\" \/>\n<meta property=\"og:image\" content=\"https:\/\/www.cufmilano.com\/wp-content\/uploads\/2024\/03\/news-architorneo-banner-cufmilano-ita.jpg\" \/>\n\t<meta property=\"og:image:width\" content=\"2000\" \/>\n\t<meta property=\"og:image:height\" content=\"1300\" \/>\n\t<meta property=\"og:image:type\" content=\"image\/jpeg\" \/>\n<meta name=\"author\" content=\"rosy Natale\" \/>\n<meta name=\"twitter:card\" content=\"summary_large_image\" \/>\n<meta name=\"twitter:label1\" content=\"Scritto da\" \/>\n\t<meta name=\"twitter:data1\" content=\"rosy Natale\" \/>\n\t<meta name=\"twitter:label2\" content=\"Tempo di lettura stimato\" \/>\n\t<meta name=\"twitter:data2\" content=\"2 minuti\" \/>\n<script type=\"application\/ld+json\" class=\"yoast-schema-graph\">{\"@context\":\"https:\\\/\\\/schema.org\",\"@graph\":[{\"@type\":\"Article\",\"@id\":\"https:\\\/\\\/www.cufmilano.com\\\/it\\\/lufficio-del-benessere-di-cufmilano-al-prossimo-fuorisalone-del-mobile\\\/#article\",\"isPartOf\":{\"@id\":\"https:\\\/\\\/www.cufmilano.com\\\/it\\\/lufficio-del-benessere-di-cufmilano-al-prossimo-fuorisalone-del-mobile\\\/\"},\"author\":{\"name\":\"rosy Natale\",\"@id\":\"https:\\\/\\\/www.cufmilano.com\\\/it\\\/#\\\/schema\\\/person\\\/506b830ec72796fd208be3c751bf0cea\"},\"headline\":\"L\u2019ufficio del benessere di CUFMilano al prossimo Fuorisalone del Mobile\",\"datePublished\":\"2024-03-22T11:16:27+00:00\",\"dateModified\":\"2024-03-22T13:02:33+00:00\",\"mainEntityOfPage\":{\"@id\":\"https:\\\/\\\/www.cufmilano.com\\\/it\\\/lufficio-del-benessere-di-cufmilano-al-prossimo-fuorisalone-del-mobile\\\/\"},\"wordCount\":641,\"image\":{\"@id\":\"https:\\\/\\\/www.cufmilano.com\\\/it\\\/lufficio-del-benessere-di-cufmilano-al-prossimo-fuorisalone-del-mobile\\\/#primaryimage\"},\"thumbnailUrl\":\"https:\\\/\\\/www.cufmilano.com\\\/wp-content\\\/uploads\\\/2024\\\/03\\\/news-architorneo-banner-cufmilano-ita.jpg\",\"articleSection\":[\"News\"],\"inLanguage\":\"it-IT\"},{\"@type\":\"WebPage\",\"@id\":\"https:\\\/\\\/www.cufmilano.com\\\/it\\\/lufficio-del-benessere-di-cufmilano-al-prossimo-fuorisalone-del-mobile\\\/\",\"url\":\"https:\\\/\\\/www.cufmilano.com\\\/it\\\/lufficio-del-benessere-di-cufmilano-al-prossimo-fuorisalone-del-mobile\\\/\",\"name\":\"L\u2019ufficio del benessere di CUFMilano al prossimo Fuorisalone del Mobile - CUF Milano | Furnishing and Design Office Furniture\",\"isPartOf\":{\"@id\":\"https:\\\/\\\/www.cufmilano.com\\\/it\\\/#website\"},\"primaryImageOfPage\":{\"@id\":\"https:\\\/\\\/www.cufmilano.com\\\/it\\\/lufficio-del-benessere-di-cufmilano-al-prossimo-fuorisalone-del-mobile\\\/#primaryimage\"},\"image\":{\"@id\":\"https:\\\/\\\/www.cufmilano.com\\\/it\\\/lufficio-del-benessere-di-cufmilano-al-prossimo-fuorisalone-del-mobile\\\/#primaryimage\"},\"thumbnailUrl\":\"https:\\\/\\\/www.cufmilano.com\\\/wp-content\\\/uploads\\\/2024\\\/03\\\/news-architorneo-banner-cufmilano-ita.jpg\",\"datePublished\":\"2024-03-22T11:16:27+00:00\",\"dateModified\":\"2024-03-22T13:02:33+00:00\",\"author\":{\"@id\":\"https:\\\/\\\/www.cufmilano.com\\\/it\\\/#\\\/schema\\\/person\\\/506b830ec72796fd208be3c751bf0cea\"},\"breadcrumb\":{\"@id\":\"https:\\\/\\\/www.cufmilano.com\\\/it\\\/lufficio-del-benessere-di-cufmilano-al-prossimo-fuorisalone-del-mobile\\\/#breadcrumb\"},\"inLanguage\":\"it-IT\",\"potentialAction\":[{\"@type\":\"ReadAction\",\"target\":[\"https:\\\/\\\/www.cufmilano.com\\\/it\\\/lufficio-del-benessere-di-cufmilano-al-prossimo-fuorisalone-del-mobile\\\/\"]}]},{\"@type\":\"ImageObject\",\"inLanguage\":\"it-IT\",\"@id\":\"https:\\\/\\\/www.cufmilano.com\\\/it\\\/lufficio-del-benessere-di-cufmilano-al-prossimo-fuorisalone-del-mobile\\\/#primaryimage\",\"url\":\"https:\\\/\\\/www.cufmilano.com\\\/wp-content\\\/uploads\\\/2024\\\/03\\\/news-architorneo-banner-cufmilano-ita.jpg\",\"contentUrl\":\"https:\\\/\\\/www.cufmilano.com\\\/wp-content\\\/uploads\\\/2024\\\/03\\\/news-architorneo-banner-cufmilano-ita.jpg\",\"width\":2000,\"height\":1300},{\"@type\":\"BreadcrumbList\",\"@id\":\"https:\\\/\\\/www.cufmilano.com\\\/it\\\/lufficio-del-benessere-di-cufmilano-al-prossimo-fuorisalone-del-mobile\\\/#breadcrumb\",\"itemListElement\":[{\"@type\":\"ListItem\",\"position\":1,\"name\":\"Home\",\"item\":\"https:\\\/\\\/www.cufmilano.com\\\/it\\\/\"},{\"@type\":\"ListItem\",\"position\":2,\"name\":\"L\u2019ufficio del benessere di CUFMilano al prossimo Fuorisalone del Mobile\"}]},{\"@type\":\"WebSite\",\"@id\":\"https:\\\/\\\/www.cufmilano.com\\\/it\\\/#website\",\"url\":\"https:\\\/\\\/www.cufmilano.com\\\/it\\\/\",\"name\":\"CUF Milano | Furnishing and Design Office Furniture\",\"description\":\"CUF Milano is specialized in the sale and production of design office furniture, chairs, armchairs, cabinets and partitions.\",\"potentialAction\":[{\"@type\":\"SearchAction\",\"target\":{\"@type\":\"EntryPoint\",\"urlTemplate\":\"https:\\\/\\\/www.cufmilano.com\\\/it\\\/?s={search_term_string}\"},\"query-input\":{\"@type\":\"PropertyValueSpecification\",\"valueRequired\":true,\"valueName\":\"search_term_string\"}}],\"inLanguage\":\"it-IT\"},{\"@type\":\"Person\",\"@id\":\"https:\\\/\\\/www.cufmilano.com\\\/it\\\/#\\\/schema\\\/person\\\/506b830ec72796fd208be3c751bf0cea\",\"name\":\"rosy Natale\",\"image\":{\"@type\":\"ImageObject\",\"inLanguage\":\"it-IT\",\"@id\":\"https:\\\/\\\/secure.gravatar.com\\\/avatar\\\/c53f27ff539d03e2565053aef53a6aae9c55d8ca6c0c2fd0700a38c18b37bdf6?s=96&d=mm&r=g\",\"url\":\"https:\\\/\\\/secure.gravatar.com\\\/avatar\\\/c53f27ff539d03e2565053aef53a6aae9c55d8ca6c0c2fd0700a38c18b37bdf6?s=96&d=mm&r=g\",\"contentUrl\":\"https:\\\/\\\/secure.gravatar.com\\\/avatar\\\/c53f27ff539d03e2565053aef53a6aae9c55d8ca6c0c2fd0700a38c18b37bdf6?s=96&d=mm&r=g\",\"caption\":\"rosy Natale\"},\"url\":\"https:\\\/\\\/www.cufmilano.com\\\/it\\\/author\\\/rosy\\\/\"}]}<\/script>\n<!-- \/ Yoast SEO plugin. -->","yoast_head_json":{"title":"L\u2019ufficio del benessere di CUFMilano al prossimo Fuorisalone del Mobile - CUF Milano | Furnishing and Design Office Furniture","robots":{"index":"index","follow":"follow","max-snippet":"max-snippet:-1","max-image-preview":"max-image-preview:large","max-video-preview":"max-video-preview:-1"},"canonical":"https:\/\/www.cufmilano.com\/it\/lufficio-del-benessere-di-cufmilano-al-prossimo-fuorisalone-del-mobile\/","og_locale":"it_IT","og_type":"article","og_title":"L\u2019ufficio del benessere di CUFMilano al prossimo Fuorisalone del Mobile - CUF Milano | Furnishing and Design Office Furniture","og_description":"Un nuovo equilibrio fra lavoro e benessere si affaccia al FuoriSalone di Milano, che si terr\u00e0 dal 16 al 21 aprile 2024.","og_url":"https:\/\/www.cufmilano.com\/it\/lufficio-del-benessere-di-cufmilano-al-prossimo-fuorisalone-del-mobile\/","og_site_name":"CUF Milano | Furnishing and Design Office Furniture","article_published_time":"2024-03-22T11:16:27+00:00","article_modified_time":"2024-03-22T13:02:33+00:00","og_image":[{"width":2000,"height":1300,"url":"https:\/\/www.cufmilano.com\/wp-content\/uploads\/2024\/03\/news-architorneo-banner-cufmilano-ita.jpg","type":"image\/jpeg"}],"author":"rosy Natale","twitter_card":"summary_large_image","twitter_misc":{"Scritto da":"rosy Natale","Tempo di lettura stimato":"2 minuti"},"schema":{"@context":"https:\/\/schema.org","@graph":[{"@type":"Article","@id":"https:\/\/www.cufmilano.com\/it\/lufficio-del-benessere-di-cufmilano-al-prossimo-fuorisalone-del-mobile\/#article","isPartOf":{"@id":"https:\/\/www.cufmilano.com\/it\/lufficio-del-benessere-di-cufmilano-al-prossimo-fuorisalone-del-mobile\/"},"author":{"name":"rosy Natale","@id":"https:\/\/www.cufmilano.com\/it\/#\/schema\/person\/506b830ec72796fd208be3c751bf0cea"},"headline":"L\u2019ufficio del benessere di CUFMilano al prossimo Fuorisalone del Mobile","datePublished":"2024-03-22T11:16:27+00:00","dateModified":"2024-03-22T13:02:33+00:00","mainEntityOfPage":{"@id":"https:\/\/www.cufmilano.com\/it\/lufficio-del-benessere-di-cufmilano-al-prossimo-fuorisalone-del-mobile\/"},"wordCount":641,"image":{"@id":"https:\/\/www.cufmilano.com\/it\/lufficio-del-benessere-di-cufmilano-al-prossimo-fuorisalone-del-mobile\/#primaryimage"},"thumbnailUrl":"https:\/\/www.cufmilano.com\/wp-content\/uploads\/2024\/03\/news-architorneo-banner-cufmilano-ita.jpg","articleSection":["News"],"inLanguage":"it-IT"},{"@type":"WebPage","@id":"https:\/\/www.cufmilano.com\/it\/lufficio-del-benessere-di-cufmilano-al-prossimo-fuorisalone-del-mobile\/","url":"https:\/\/www.cufmilano.com\/it\/lufficio-del-benessere-di-cufmilano-al-prossimo-fuorisalone-del-mobile\/","name":"L\u2019ufficio del benessere di CUFMilano al prossimo Fuorisalone del Mobile - CUF Milano | Furnishing and Design Office Furniture","isPartOf":{"@id":"https:\/\/www.cufmilano.com\/it\/#website"},"primaryImageOfPage":{"@id":"https:\/\/www.cufmilano.com\/it\/lufficio-del-benessere-di-cufmilano-al-prossimo-fuorisalone-del-mobile\/#primaryimage"},"image":{"@id":"https:\/\/www.cufmilano.com\/it\/lufficio-del-benessere-di-cufmilano-al-prossimo-fuorisalone-del-mobile\/#primaryimage"},"thumbnailUrl":"https:\/\/www.cufmilano.com\/wp-content\/uploads\/2024\/03\/news-architorneo-banner-cufmilano-ita.jpg","datePublished":"2024-03-22T11:16:27+00:00","dateModified":"2024-03-22T13:02:33+00:00","author":{"@id":"https:\/\/www.cufmilano.com\/it\/#\/schema\/person\/506b830ec72796fd208be3c751bf0cea"},"breadcrumb":{"@id":"https:\/\/www.cufmilano.com\/it\/lufficio-del-benessere-di-cufmilano-al-prossimo-fuorisalone-del-mobile\/#breadcrumb"},"inLanguage":"it-IT","potentialAction":[{"@type":"ReadAction","target":["https:\/\/www.cufmilano.com\/it\/lufficio-del-benessere-di-cufmilano-al-prossimo-fuorisalone-del-mobile\/"]}]},{"@type":"ImageObject","inLanguage":"it-IT","@id":"https:\/\/www.cufmilano.com\/it\/lufficio-del-benessere-di-cufmilano-al-prossimo-fuorisalone-del-mobile\/#primaryimage","url":"https:\/\/www.cufmilano.com\/wp-content\/uploads\/2024\/03\/news-architorneo-banner-cufmilano-ita.jpg","contentUrl":"https:\/\/www.cufmilano.com\/wp-content\/uploads\/2024\/03\/news-architorneo-banner-cufmilano-ita.jpg","width":2000,"height":1300},{"@type":"BreadcrumbList","@id":"https:\/\/www.cufmilano.com\/it\/lufficio-del-benessere-di-cufmilano-al-prossimo-fuorisalone-del-mobile\/#breadcrumb","itemListElement":[{"@type":"ListItem","position":1,"name":"Home","item":"https:\/\/www.cufmilano.com\/it\/"},{"@type":"ListItem","position":2,"name":"L\u2019ufficio del benessere di CUFMilano al prossimo Fuorisalone del Mobile"}]},{"@type":"WebSite","@id":"https:\/\/www.cufmilano.com\/it\/#website","url":"https:\/\/www.cufmilano.com\/it\/","name":"CUF Milano | Furnishing and Design Office Furniture","description":"CUF Milano is specialized in the sale and production of design office furniture, chairs, armchairs, cabinets and partitions.","potentialAction":[{"@type":"SearchAction","target":{"@type":"EntryPoint","urlTemplate":"https:\/\/www.cufmilano.com\/it\/?s={search_term_string}"},"query-input":{"@type":"PropertyValueSpecification","valueRequired":true,"valueName":"search_term_string"}}],"inLanguage":"it-IT"},{"@type":"Person","@id":"https:\/\/www.cufmilano.com\/it\/#\/schema\/person\/506b830ec72796fd208be3c751bf0cea","name":"rosy Natale","image":{"@type":"ImageObject","inLanguage":"it-IT","@id":"https:\/\/secure.gravatar.com\/avatar\/c53f27ff539d03e2565053aef53a6aae9c55d8ca6c0c2fd0700a38c18b37bdf6?s=96&d=mm&r=g","url":"https:\/\/secure.gravatar.com\/avatar\/c53f27ff539d03e2565053aef53a6aae9c55d8ca6c0c2fd0700a38c18b37bdf6?s=96&d=mm&r=g","contentUrl":"https:\/\/secure.gravatar.com\/avatar\/c53f27ff539d03e2565053aef53a6aae9c55d8ca6c0c2fd0700a38c18b37bdf6?s=96&d=mm&r=g","caption":"rosy Natale"},"url":"https:\/\/www.cufmilano.com\/it\/author\/rosy\/"}]}},"_links":{"self":[{"href":"https:\/\/www.cufmilano.com\/it\/wp-json\/wp\/v2\/posts\/272222","targetHints":{"allow":["GET"]}}],"collection":[{"href":"https:\/\/www.cufmilano.com\/it\/wp-json\/wp\/v2\/posts"}],"about":[{"href":"https:\/\/www.cufmilano.com\/it\/wp-json\/wp\/v2\/types\/post"}],"author":[{"embeddable":true,"href":"https:\/\/www.cufmilano.com\/it\/wp-json\/wp\/v2\/users\/6"}],"replies":[{"embeddable":true,"href":"https:\/\/www.cufmilano.com\/it\/wp-json\/wp\/v2\/comments?post=272222"}],"version-history":[{"count":0,"href":"https:\/\/www.cufmilano.com\/it\/wp-json\/wp\/v2\/posts\/272222\/revisions"}],"wp:featuredmedia":[{"embeddable":true,"href":"https:\/\/www.cufmilano.com\/it\/wp-json\/wp\/v2\/media\/272247"}],"wp:attachment":[{"href":"https:\/\/www.cufmilano.com\/it\/wp-json\/wp\/v2\/media?parent=272222"}],"wp:term":[{"taxonomy":"category","embeddable":true,"href":"https:\/\/www.cufmilano.com\/it\/wp-json\/wp\/v2\/categories?post=272222"},{"taxonomy":"post_tag","embeddable":true,"href":"https:\/\/www.cufmilano.com\/it\/wp-json\/wp\/v2\/tags?post=272222"}],"curies":[{"name":"wp","href":"https:\/\/api.w.org\/{rel}","templated":true}]}}